{"id":4737,"date":"2023-12-29T19:53:29","date_gmt":"2023-12-29T18:53:29","guid":{"rendered":"https:\/\/efs2023.glabsgroup.com\/?p=4737"},"modified":"2023-12-29T19:53:30","modified_gmt":"2023-12-29T18:53:30","slug":"la-sostenibilidad-toma-el-protagonismo-en-la-primera-edicion-del-europe-fashion-summit","status":"publish","type":"post","link":"https:\/\/efs2023.glabsgroup.com\/en\/2023\/12\/29\/la-sostenibilidad-toma-el-protagonismo-en-la-primera-edicion-del-europe-fashion-summit\/","title":{"rendered":"Sustainability takes center stage in the first edition of the Europe Fashion Summit"},"content":{"rendered":"<p>From September 19 to 21, Madrid hosted the first edition of the&nbsp;<strong><a rel=\"noreferrer noopener\" href=\"https:\/\/efs2023.glabsgroup.com\/en\/\" target=\"_blank\">Europe Fashion Summit,<\/a><\/strong>&nbsp;a professional event that took place at the Reina Sof\u00eda Museum almost simultaneously with Madrid Fashion Week. The summit has had the support of&nbsp;<a rel=\"noreferrer noopener\" href=\"https:\/\/www.madridcapitaldemoda.com\/\" target=\"_blank\">Madrid Capital of Fashion<\/a>,&nbsp;<a rel=\"noreferrer noopener\" href=\"https:\/\/madridesmoda.com\/\" target=\"_blank\">Madrid is Fashion<\/a>, the&nbsp;<a rel=\"noreferrer noopener\" href=\"https:\/\/creadores.org\/\" target=\"_blank\">Association of Fashion Creators of Spain<\/a>&nbsp;and&nbsp;<a rel=\"noreferrer noopener\" href=\"https:\/\/www.isem.es\/\" target=\"_blank\">ISEM Fashion Business School<\/a>.<\/p>\n\n\n\n<p>The summit dedicates an entire panel and masterclass to the social and environmental challenges of the sector.<\/p>\n\n\n\n<p class=\"has-text-align-center\"><a href=\"https:\/\/www.sogoodsocute.com\/la-sostenibilidad-toma-el-protagonismo-en-la-primera-edicion-del-europe-fashion-summit\/\">SEE COMPLETE NEWS<\/a><\/p>","protected":false},"excerpt":{"rendered":"<p>From September 19 to 21, Madrid hosted the first edition of the Europe Fashion Summit, a professional event that took place at the Reina Sof\u00eda Museum almost simultaneously with Madrid Fashion Week. The summit has had the support of Madrid Capital de Moda, Madrid es Moda, the Association of Fashion Creators of Spain and ISEM\u2026 <a class=\"more-link\" href=\"https:\/\/efs2023.glabsgroup.com\/en\/2023\/12\/29\/la-sostenibilidad-toma-el-protagonismo-en-la-primera-edicion-del-europe-fashion-summit\/\">Continue reading <span class=\"screen-reader-text\">Sustainability takes center stage in the first edition of the Europe Fashion Summit<\/span><\/a><\/p>","protected":false},"author":2,"featured_media":4738,"comment_status":"open","ping_status":"open","sticky":false,"template":"","format":"standard","meta":{"footnotes":""},"categories":[1],"tags":[],"yoast_head":"<!-- This site is optimized with the Yoast SEO plugin v23.0 - https:\/\/yoast.com\/wordpress\/plugins\/seo\/ -->\n<title>La sostenibilidad toma el protagonismo en la primera edici\u00f3n del\u00a0Europe\u00a0Fashion Summit - EFS2023<\/title>\n<meta name=\"robots\" content=\"index, follow, max-snippet:-1, max-image-preview:large, max-video-preview:-1\" \/>\n<link rel=\"canonical\" href=\"https:\/\/efs2023.glabsgroup.com\/en\/2023\/12\/29\/la-sostenibilidad-toma-el-protagonismo-en-la-primera-edicion-del-europe-fashion-summit\/\" \/>\n<meta property=\"og:locale\" content=\"en_US\" \/>\n<meta property=\"og:type\" content=\"article\" \/>\n<meta property=\"og:title\" content=\"La sostenibilidad toma el protagonismo en la primera edici\u00f3n del\u00a0Europe\u00a0Fashion Summit - EFS2023\" \/>\n<meta property=\"og:description\" content=\"Del 19 al 21 de septiembre Madrid ha acogido la primera edici\u00f3n del&nbsp;Europe Fashion Summit,&nbsp;un evento de car\u00e1cter profesional que ha tenido lugar en el Museo Reina Sof\u00eda casi simult\u00e1neamente a la Madrid Fashion Week. El summit ha contado con el apoyo de&nbsp;Madrid Capital de Moda,&nbsp;Madrid es Moda, la&nbsp;Asociaci\u00f3n de Creadores de Moda de Espa\u00f1a&nbsp;y&nbsp;ISEM&hellip; Continue reading La sostenibilidad toma el protagonismo en la primera edici\u00f3n del\u00a0Europe\u00a0Fashion Summit\" \/>\n<meta property=\"og:url\" content=\"https:\/\/efs2023.glabsgroup.com\/en\/2023\/12\/29\/la-sostenibilidad-toma-el-protagonismo-en-la-primera-edicion-del-europe-fashion-summit\/\" \/>\n<meta property=\"og:site_name\" content=\"EFS2023\" \/>\n<meta property=\"article:publisher\" content=\"https:\/\/www.facebook.com\/europefashionsummit\" \/>\n<meta property=\"article:published_time\" content=\"2023-12-29T18:53:29+00:00\" \/>\n<meta property=\"article:modified_time\" content=\"2023-12-29T18:53:30+00:00\" \/>\n<meta property=\"og:image\" content=\"https:\/\/efs2023.glabsgroup.com\/wp-content\/uploads\/2023\/12\/Panel-Cinco-visiones-de-Sostenibilidad-scaled.jpg\" \/>\n\t<meta property=\"og:image:width\" content=\"2560\" \/>\n\t<meta property=\"og:image:height\" content=\"1707\" \/>\n\t<meta property=\"og:image:type\" content=\"image\/jpeg\" \/>\n<meta name=\"author\" content=\"jorge\" \/>\n<meta name=\"twitter:card\" content=\"summary_large_image\" \/>\n<meta name=\"twitter:creator\" content=\"@eufashionsummit\" \/>\n<meta name=\"twitter:site\" content=\"@eufashionsummit\" \/>\n<meta name=\"twitter:label1\" content=\"Written by\" \/>\n\t<meta name=\"twitter:data1\" content=\"jorge\" \/>\n\t<meta name=\"twitter:label2\" content=\"Est. reading time\" \/>\n\t<meta name=\"twitter:data2\" content=\"1 minute\" \/>\n<script type=\"application\/ld+json\" class=\"yoast-schema-graph\">{\"@context\":\"https:\/\/schema.org\",\"@graph\":[{\"@type\":\"Article\",\"@id\":\"https:\/\/efs2023.glabsgroup.com\/2023\/12\/29\/la-sostenibilidad-toma-el-protagonismo-en-la-primera-edicion-del-europe-fashion-summit\/#article\",\"isPartOf\":{\"@id\":\"https:\/\/efs2023.glabsgroup.com\/2023\/12\/29\/la-sostenibilidad-toma-el-protagonismo-en-la-primera-edicion-del-europe-fashion-summit\/\"},\"author\":{\"name\":\"jorge\",\"@id\":\"https:\/\/efs2023.glabsgroup.com\/#\/schema\/person\/297929bf62ddde4eb53986f0fab42e27\"},\"headline\":\"La sostenibilidad toma el protagonismo en la primera edici\u00f3n del\u00a0Europe\u00a0Fashion Summit\",\"datePublished\":\"2023-12-29T18:53:29+00:00\",\"dateModified\":\"2023-12-29T18:53:30+00:00\",\"mainEntityOfPage\":{\"@id\":\"https:\/\/efs2023.glabsgroup.com\/2023\/12\/29\/la-sostenibilidad-toma-el-protagonismo-en-la-primera-edicion-del-europe-fashion-summit\/\"},\"wordCount\":110,\"commentCount\":0,\"publisher\":{\"@id\":\"https:\/\/efs2023.glabsgroup.com\/#organization\"},\"image\":{\"@id\":\"https:\/\/efs2023.glabsgroup.com\/2023\/12\/29\/la-sostenibilidad-toma-el-protagonismo-en-la-primera-edicion-del-europe-fashion-summit\/#primaryimage\"},\"thumbnailUrl\":\"https:\/\/efs2023.glabsgroup.com\/wp-content\/uploads\/2023\/12\/Panel-Cinco-visiones-de-Sostenibilidad-scaled.jpg\",\"inLanguage\":\"en-US\",\"potentialAction\":[{\"@type\":\"CommentAction\",\"name\":\"Comment\",\"target\":[\"https:\/\/efs2023.glabsgroup.com\/2023\/12\/29\/la-sostenibilidad-toma-el-protagonismo-en-la-primera-edicion-del-europe-fashion-summit\/#respond\"]}]},{\"@type\":\"WebPage\",\"@id\":\"https:\/\/efs2023.glabsgroup.com\/2023\/12\/29\/la-sostenibilidad-toma-el-protagonismo-en-la-primera-edicion-del-europe-fashion-summit\/\",\"url\":\"https:\/\/efs2023.glabsgroup.com\/2023\/12\/29\/la-sostenibilidad-toma-el-protagonismo-en-la-primera-edicion-del-europe-fashion-summit\/\",\"name\":\"La sostenibilidad toma el protagonismo en la primera edici\u00f3n del\u00a0Europe\u00a0Fashion Summit - EFS2023\",\"isPartOf\":{\"@id\":\"https:\/\/efs2023.glabsgroup.com\/#website\"},\"primaryImageOfPage\":{\"@id\":\"https:\/\/efs2023.glabsgroup.com\/2023\/12\/29\/la-sostenibilidad-toma-el-protagonismo-en-la-primera-edicion-del-europe-fashion-summit\/#primaryimage\"},\"image\":{\"@id\":\"https:\/\/efs2023.glabsgroup.com\/2023\/12\/29\/la-sostenibilidad-toma-el-protagonismo-en-la-primera-edicion-del-europe-fashion-summit\/#primaryimage\"},\"thumbnailUrl\":\"https:\/\/efs2023.glabsgroup.com\/wp-content\/uploads\/2023\/12\/Panel-Cinco-visiones-de-Sostenibilidad-scaled.jpg\",\"datePublished\":\"2023-12-29T18:53:29+00:00\",\"dateModified\":\"2023-12-29T18:53:30+00:00\",\"breadcrumb\":{\"@id\":\"https:\/\/efs2023.glabsgroup.com\/2023\/12\/29\/la-sostenibilidad-toma-el-protagonismo-en-la-primera-edicion-del-europe-fashion-summit\/#breadcrumb\"},\"inLanguage\":\"en-US\",\"potentialAction\":[{\"@type\":\"ReadAction\",\"target\":[\"https:\/\/efs2023.glabsgroup.com\/2023\/12\/29\/la-sostenibilidad-toma-el-protagonismo-en-la-primera-edicion-del-europe-fashion-summit\/\"]}]},{\"@type\":\"ImageObject\",\"inLanguage\":\"en-US\",\"@id\":\"https:\/\/efs2023.glabsgroup.com\/2023\/12\/29\/la-sostenibilidad-toma-el-protagonismo-en-la-primera-edicion-del-europe-fashion-summit\/#primaryimage\",\"url\":\"https:\/\/efs2023.glabsgroup.com\/wp-content\/uploads\/2023\/12\/Panel-Cinco-visiones-de-Sostenibilidad-scaled.jpg\",\"contentUrl\":\"https:\/\/efs2023.glabsgroup.com\/wp-content\/uploads\/2023\/12\/Panel-Cinco-visiones-de-Sostenibilidad-scaled.jpg\",\"width\":2560,\"height\":1707},{\"@type\":\"BreadcrumbList\",\"@id\":\"https:\/\/efs2023.glabsgroup.com\/2023\/12\/29\/la-sostenibilidad-toma-el-protagonismo-en-la-primera-edicion-del-europe-fashion-summit\/#breadcrumb\",\"itemListElement\":[{\"@type\":\"ListItem\",\"position\":1,\"name\":\"Portada\",\"item\":\"https:\/\/efs2023.glabsgroup.com\/\"},{\"@type\":\"ListItem\",\"position\":2,\"name\":\"La sostenibilidad toma el protagonismo en la primera edici\u00f3n del\u00a0Europe\u00a0Fashion Summit\"}]},{\"@type\":\"WebSite\",\"@id\":\"https:\/\/efs2023.glabsgroup.com\/#website\",\"url\":\"https:\/\/efs2023.glabsgroup.com\/\",\"name\":\"EFS2023\",\"description\":\"\",\"publisher\":{\"@id\":\"https:\/\/efs2023.glabsgroup.com\/#organization\"},\"potentialAction\":[{\"@type\":\"SearchAction\",\"target\":{\"@type\":\"EntryPoint\",\"urlTemplate\":\"https:\/\/efs2023.glabsgroup.com\/?s={search_term_string}\"},\"query-input\":\"required name=search_term_string\"}],\"inLanguage\":\"en-US\"},{\"@type\":\"Organization\",\"@id\":\"https:\/\/efs2023.glabsgroup.com\/#organization\",\"name\":\"Europe Fashion Summit\",\"url\":\"https:\/\/efs2023.glabsgroup.com\/\",\"logo\":{\"@type\":\"ImageObject\",\"inLanguage\":\"en-US\",\"@id\":\"https:\/\/efs2023.glabsgroup.com\/#\/schema\/logo\/image\/\",\"url\":\"https:\/\/efs2023.glabsgroup.com\/wp-content\/uploads\/2023\/02\/LOGO-EFS-1.png\",\"contentUrl\":\"https:\/\/efs2023.glabsgroup.com\/wp-content\/uploads\/2023\/02\/LOGO-EFS-1.png\",\"width\":362,\"height\":162,\"caption\":\"Europe Fashion Summit\"},\"image\":{\"@id\":\"https:\/\/efs2023.glabsgroup.com\/#\/schema\/logo\/image\/\"},\"sameAs\":[\"https:\/\/www.facebook.com\/europefashionsummit\",\"https:\/\/x.com\/eufashionsummit\",\"https:\/\/www.instagram.com\/_europefashionsummit_\/\",\"https:\/\/www.linkedin.com\/company\/europefashionsummit\/\",\"https:\/\/www.youtube.com\/@EuropeFashionSummit\"]},{\"@type\":\"Person\",\"@id\":\"https:\/\/efs2023.glabsgroup.com\/#\/schema\/person\/297929bf62ddde4eb53986f0fab42e27\",\"name\":\"jorge\",\"image\":{\"@type\":\"ImageObject\",\"inLanguage\":\"en-US\",\"@id\":\"https:\/\/efs2023.glabsgroup.com\/#\/schema\/person\/image\/\",\"url\":\"https:\/\/efs2023.glabsgroup.com\/wp-content\/litespeed\/avatar\/f923b06f47ca10efec79cdeee1085de4.jpg?ver=1777472036\",\"contentUrl\":\"https:\/\/efs2023.glabsgroup.com\/wp-content\/litespeed\/avatar\/f923b06f47ca10efec79cdeee1085de4.jpg?ver=1777472036\",\"caption\":\"jorge\"},\"url\":\"https:\/\/efs2023.glabsgroup.com\/en\/author\/jorge\/\"}]}<\/script>\n<!-- \/ Yoast SEO plugin. -->","yoast_head_json":{"title":"La sostenibilidad toma el protagonismo en la primera edici\u00f3n del\u00a0Europe\u00a0Fashion Summit - EFS2023","robots":{"index":"index","follow":"follow","max-snippet":"max-snippet:-1","max-image-preview":"max-image-preview:large","max-video-preview":"max-video-preview:-1"},"canonical":"https:\/\/efs2023.glabsgroup.com\/en\/2023\/12\/29\/la-sostenibilidad-toma-el-protagonismo-en-la-primera-edicion-del-europe-fashion-summit\/","og_locale":"en_US","og_type":"article","og_title":"La sostenibilidad toma el protagonismo en la primera edici\u00f3n del\u00a0Europe\u00a0Fashion Summit - EFS2023","og_description":"Del 19 al 21 de septiembre Madrid ha acogido la primera edici\u00f3n del&nbsp;Europe Fashion Summit,&nbsp;un evento de car\u00e1cter profesional que ha tenido lugar en el Museo Reina Sof\u00eda casi simult\u00e1neamente a la Madrid Fashion Week. El summit ha contado con el apoyo de&nbsp;Madrid Capital de Moda,&nbsp;Madrid es Moda, la&nbsp;Asociaci\u00f3n de Creadores de Moda de Espa\u00f1a&nbsp;y&nbsp;ISEM&hellip; Continue reading La sostenibilidad toma el protagonismo en la primera edici\u00f3n del\u00a0Europe\u00a0Fashion Summit","og_url":"https:\/\/efs2023.glabsgroup.com\/en\/2023\/12\/29\/la-sostenibilidad-toma-el-protagonismo-en-la-primera-edicion-del-europe-fashion-summit\/","og_site_name":"EFS2023","article_publisher":"https:\/\/www.facebook.com\/europefashionsummit","article_published_time":"2023-12-29T18:53:29+00:00","article_modified_time":"2023-12-29T18:53:30+00:00","og_image":[{"width":2560,"height":1707,"url":"https:\/\/efs2023.glabsgroup.com\/wp-content\/uploads\/2023\/12\/Panel-Cinco-visiones-de-Sostenibilidad-scaled.jpg","type":"image\/jpeg"}],"author":"jorge","twitter_card":"summary_large_image","twitter_creator":"@eufashionsummit","twitter_site":"@eufashionsummit","twitter_misc":{"Written by":"jorge","Est. reading time":"1 minute"},"schema":{"@context":"https:\/\/schema.org","@graph":[{"@type":"Article","@id":"https:\/\/efs2023.glabsgroup.com\/2023\/12\/29\/la-sostenibilidad-toma-el-protagonismo-en-la-primera-edicion-del-europe-fashion-summit\/#article","isPartOf":{"@id":"https:\/\/efs2023.glabsgroup.com\/2023\/12\/29\/la-sostenibilidad-toma-el-protagonismo-en-la-primera-edicion-del-europe-fashion-summit\/"},"author":{"name":"jorge","@id":"https:\/\/efs2023.glabsgroup.com\/#\/schema\/person\/297929bf62ddde4eb53986f0fab42e27"},"headline":"La sostenibilidad toma el protagonismo en la primera edici\u00f3n del\u00a0Europe\u00a0Fashion Summit","datePublished":"2023-12-29T18:53:29+00:00","dateModified":"2023-12-29T18:53:30+00:00","mainEntityOfPage":{"@id":"https:\/\/efs2023.glabsgroup.com\/2023\/12\/29\/la-sostenibilidad-toma-el-protagonismo-en-la-primera-edicion-del-europe-fashion-summit\/"},"wordCount":110,"commentCount":0,"publisher":{"@id":"https:\/\/efs2023.glabsgroup.com\/#organization"},"image":{"@id":"https:\/\/efs2023.glabsgroup.com\/2023\/12\/29\/la-sostenibilidad-toma-el-protagonismo-en-la-primera-edicion-del-europe-fashion-summit\/#primaryimage"},"thumbnailUrl":"https:\/\/efs2023.glabsgroup.com\/wp-content\/uploads\/2023\/12\/Panel-Cinco-visiones-de-Sostenibilidad-scaled.jpg","inLanguage":"en-US","potentialAction":[{"@type":"CommentAction","name":"Comment","target":["https:\/\/efs2023.glabsgroup.com\/2023\/12\/29\/la-sostenibilidad-toma-el-protagonismo-en-la-primera-edicion-del-europe-fashion-summit\/#respond"]}]},{"@type":"WebPage","@id":"https:\/\/efs2023.glabsgroup.com\/2023\/12\/29\/la-sostenibilidad-toma-el-protagonismo-en-la-primera-edicion-del-europe-fashion-summit\/","url":"https:\/\/efs2023.glabsgroup.com\/2023\/12\/29\/la-sostenibilidad-toma-el-protagonismo-en-la-primera-edicion-del-europe-fashion-summit\/","name":"La sostenibilidad toma el protagonismo en la primera edici\u00f3n del\u00a0Europe\u00a0Fashion Summit - EFS2023","isPartOf":{"@id":"https:\/\/efs2023.glabsgroup.com\/#website"},"primaryImageOfPage":{"@id":"https:\/\/efs2023.glabsgroup.com\/2023\/12\/29\/la-sostenibilidad-toma-el-protagonismo-en-la-primera-edicion-del-europe-fashion-summit\/#primaryimage"},"image":{"@id":"https:\/\/efs2023.glabsgroup.com\/2023\/12\/29\/la-sostenibilidad-toma-el-protagonismo-en-la-primera-edicion-del-europe-fashion-summit\/#primaryimage"},"thumbnailUrl":"https:\/\/efs2023.glabsgroup.com\/wp-content\/uploads\/2023\/12\/Panel-Cinco-visiones-de-Sostenibilidad-scaled.jpg","datePublished":"2023-12-29T18:53:29+00:00","dateModified":"2023-12-29T18:53:30+00:00","breadcrumb":{"@id":"https:\/\/efs2023.glabsgroup.com\/2023\/12\/29\/la-sostenibilidad-toma-el-protagonismo-en-la-primera-edicion-del-europe-fashion-summit\/#breadcrumb"},"inLanguage":"en-US","potentialAction":[{"@type":"ReadAction","target":["https:\/\/efs2023.glabsgroup.com\/2023\/12\/29\/la-sostenibilidad-toma-el-protagonismo-en-la-primera-edicion-del-europe-fashion-summit\/"]}]},{"@type":"ImageObject","inLanguage":"en-US","@id":"https:\/\/efs2023.glabsgroup.com\/2023\/12\/29\/la-sostenibilidad-toma-el-protagonismo-en-la-primera-edicion-del-europe-fashion-summit\/#primaryimage","url":"https:\/\/efs2023.glabsgroup.com\/wp-content\/uploads\/2023\/12\/Panel-Cinco-visiones-de-Sostenibilidad-scaled.jpg","contentUrl":"https:\/\/efs2023.glabsgroup.com\/wp-content\/uploads\/2023\/12\/Panel-Cinco-visiones-de-Sostenibilidad-scaled.jpg","width":2560,"height":1707},{"@type":"BreadcrumbList","@id":"https:\/\/efs2023.glabsgroup.com\/2023\/12\/29\/la-sostenibilidad-toma-el-protagonismo-en-la-primera-edicion-del-europe-fashion-summit\/#breadcrumb","itemListElement":[{"@type":"ListItem","position":1,"name":"Portada","item":"https:\/\/efs2023.glabsgroup.com\/"},{"@type":"ListItem","position":2,"name":"La sostenibilidad toma el protagonismo en la primera edici\u00f3n del\u00a0Europe\u00a0Fashion Summit"}]},{"@type":"WebSite","@id":"https:\/\/efs2023.glabsgroup.com\/#website","url":"https:\/\/efs2023.glabsgroup.com\/","name":"EFS2023","description":"","publisher":{"@id":"https:\/\/efs2023.glabsgroup.com\/#organization"},"potentialAction":[{"@type":"SearchAction","target":{"@type":"EntryPoint","urlTemplate":"https:\/\/efs2023.glabsgroup.com\/?s={search_term_string}"},"query-input":"required name=search_term_string"}],"inLanguage":"en-US"},{"@type":"Organization","@id":"https:\/\/efs2023.glabsgroup.com\/#organization","name":"European Fashion Summit","url":"https:\/\/efs2023.glabsgroup.com\/","logo":{"@type":"ImageObject","inLanguage":"en-US","@id":"https:\/\/efs2023.glabsgroup.com\/#\/schema\/logo\/image\/","url":"https:\/\/efs2023.glabsgroup.com\/wp-content\/uploads\/2023\/02\/LOGO-EFS-1.png","contentUrl":"https:\/\/efs2023.glabsgroup.com\/wp-content\/uploads\/2023\/02\/LOGO-EFS-1.png","width":362,"height":162,"caption":"Europe Fashion Summit"},"image":{"@id":"https:\/\/efs2023.glabsgroup.com\/#\/schema\/logo\/image\/"},"sameAs":["https:\/\/www.facebook.com\/europefashionsummit","https:\/\/x.com\/eufashionsummit","https:\/\/www.instagram.com\/_europefashionsummit_\/","https:\/\/www.linkedin.com\/company\/europefashionsummit\/","https:\/\/www.youtube.com\/@EuropeFashionSummit"]},{"@type":"Person","@id":"https:\/\/efs2023.glabsgroup.com\/#\/schema\/person\/297929bf62ddde4eb53986f0fab42e27","name":"Jorge","image":{"@type":"ImageObject","inLanguage":"en-US","@id":"https:\/\/efs2023.glabsgroup.com\/#\/schema\/person\/image\/","url":"https:\/\/efs2023.glabsgroup.com\/wp-content\/litespeed\/avatar\/f923b06f47ca10efec79cdeee1085de4.jpg?ver=1777472036","contentUrl":"https:\/\/efs2023.glabsgroup.com\/wp-content\/litespeed\/avatar\/f923b06f47ca10efec79cdeee1085de4.jpg?ver=1777472036","caption":"jorge"},"url":"https:\/\/efs2023.glabsgroup.com\/en\/author\/jorge\/"}]}},"_links":{"self":[{"href":"https:\/\/efs2023.glabsgroup.com\/en\/wp-json\/wp\/v2\/posts\/4737"}],"collection":[{"href":"https:\/\/efs2023.glabsgroup.com\/en\/wp-json\/wp\/v2\/posts"}],"about":[{"href":"https:\/\/efs2023.glabsgroup.com\/en\/wp-json\/wp\/v2\/types\/post"}],"author":[{"embeddable":true,"href":"https:\/\/efs2023.glabsgroup.com\/en\/wp-json\/wp\/v2\/users\/2"}],"replies":[{"embeddable":true,"href":"https:\/\/efs2023.glabsgroup.com\/en\/wp-json\/wp\/v2\/comments?post=4737"}],"version-history":[{"count":1,"href":"https:\/\/efs2023.glabsgroup.com\/en\/wp-json\/wp\/v2\/posts\/4737\/revisions"}],"predecessor-version":[{"id":4739,"href":"https:\/\/efs2023.glabsgroup.com\/en\/wp-json\/wp\/v2\/posts\/4737\/revisions\/4739"}],"wp:featuredmedia":[{"embeddable":true,"href":"https:\/\/efs2023.glabsgroup.com\/en\/wp-json\/wp\/v2\/media\/4738"}],"wp:attachment":[{"href":"https:\/\/efs2023.glabsgroup.com\/en\/wp-json\/wp\/v2\/media?parent=4737"}],"wp:term":[{"taxonomy":"category","embeddable":true,"href":"https:\/\/efs2023.glabsgroup.com\/en\/wp-json\/wp\/v2\/categories?post=4737"},{"taxonomy":"post_tag","embeddable":true,"href":"https:\/\/efs2023.glabsgroup.com\/en\/wp-json\/wp\/v2\/tags?post=4737"}],"curies":[{"name":"wp","href":"https:\/\/api.w.org\/{rel}","templated":true}]}}