{"id":4162,"date":"2023-08-24T04:55:24","date_gmt":"2023-08-24T04:55:24","guid":{"rendered":"https:\/\/efs2023.glabsgroup.com\/?p=4162"},"modified":"2023-08-24T04:55:24","modified_gmt":"2023-08-24T04:55:24","slug":"europe-fashion-summit-el-primer-encuentro-internacional-sobre-moda-tecnologia-y-negocios-llega-a-madrid","status":"publish","type":"post","link":"https:\/\/efs2023.glabsgroup.com\/en\/2023\/08\/24\/europe-fashion-summit-el-primer-encuentro-internacional-sobre-moda-tecnologia-y-negocios-llega-a-madrid\/","title":{"rendered":"Europe Fashion Summit: The first international meeting on fashion, technology and business arrives in Madrid"},"content":{"rendered":"<p>Between September 19 and 21, this meeting will take place in the auditorium of the Reina Sof\u00eda Museum, which was created with the aim of promoting Madrid, not only as the capital of design and fashion, but also as the capital of networking and fashion training. , involving citizens and visitors and promoting sales in the sector during this month. In addition, it seeks to be a space to bring together the industry and professionals who work to position European fashion as a benchmark in the global market. Liliana Brice\u00f1o, founder of Latin People, the platform created in 2019 to promote emerging designers and Latin American entrepreneurs, is now leading the first international fashion, technology and business congress in Madrid, the Europe Fashion Summit.<\/p>\n\n\n\n<p class=\"has-text-align-center\"><br><a href=\"https:\/\/www.elmundofinanciero.com\/noticia\/111512\/lifestyle-y-moda\/europe-fashion-summit:-el-primer-encuentro-internacional-sobre-moda-tecnologia-y-negocios-llega-a-madrid.html\">SEE COMPLETE NEWS<\/a><\/p>","protected":false},"excerpt":{"rendered":"<p>Between September 19 and 21, this meeting will take place in the auditorium of the Reina Sof\u00eda Museum, which was born with the aim of promoting Madrid, not only as the capital of design and fashion, but also as a capital of networking and fashion training. , involving citizens and visitors and promoting sales\u2026 <a class=\"more-link\" href=\"https:\/\/efs2023.glabsgroup.com\/en\/2023\/08\/24\/europe-fashion-summit-el-primer-encuentro-internacional-sobre-moda-tecnologia-y-negocios-llega-a-madrid\/\">Continue reading <span class=\"screen-reader-text\">Europe Fashion Summit: The first international meeting on fashion, technology and business arrives in Madrid<\/span><\/a><\/p>","protected":false},"author":2,"featured_media":4163,"comment_status":"open","ping_status":"open","sticky":false,"template":"","format":"standard","meta":{"footnotes":""},"categories":[1],"tags":[],"yoast_head":"<!-- This site is optimized with the Yoast SEO plugin v23.0 - https:\/\/yoast.com\/wordpress\/plugins\/seo\/ -->\n<title>Europe Fashion Summit: El primer encuentro internacional sobre moda, tecnolog\u00eda y negocios llega a Madrid - EFS2023<\/title>\n<meta name=\"robots\" content=\"index, follow, max-snippet:-1, max-image-preview:large, max-video-preview:-1\" \/>\n<link rel=\"canonical\" href=\"https:\/\/efs2023.glabsgroup.com\/en\/2023\/08\/24\/europe-fashion-summit-el-primer-encuentro-internacional-sobre-moda-tecnologia-y-negocios-llega-a-madrid\/\" \/>\n<meta property=\"og:locale\" content=\"en_US\" \/>\n<meta property=\"og:type\" content=\"article\" \/>\n<meta property=\"og:title\" content=\"Europe Fashion Summit: El primer encuentro internacional sobre moda, tecnolog\u00eda y negocios llega a Madrid - EFS2023\" \/>\n<meta property=\"og:description\" content=\"Entre el 19 y el 21 de septiembre tendr\u00e1 lugar, en el auditorio del Museo Reina Sof\u00eda, este encuentro que nace con el objetivo de impulsar Madrid, no solo como capital del dise\u00f1o y la moda, sino tambi\u00e9n como capital de networking y formaci\u00f3n de moda, involucrando a ciudadanos y visitantes y fomentando las ventas&hellip; Continue reading Europe Fashion Summit: El primer encuentro internacional sobre moda, tecnolog\u00eda y negocios llega a Madrid\" \/>\n<meta property=\"og:url\" content=\"https:\/\/efs2023.glabsgroup.com\/en\/2023\/08\/24\/europe-fashion-summit-el-primer-encuentro-internacional-sobre-moda-tecnologia-y-negocios-llega-a-madrid\/\" \/>\n<meta property=\"og:site_name\" content=\"EFS2023\" \/>\n<meta property=\"article:publisher\" content=\"https:\/\/www.facebook.com\/europefashionsummit\" \/>\n<meta property=\"article:published_time\" content=\"2023-08-24T04:55:24+00:00\" \/>\n<meta property=\"og:image\" content=\"https:\/\/efs2023.glabsgroup.com\/wp-content\/uploads\/2023\/08\/Marta-Ortiz.-Nota-de-prensa2.png\" \/>\n\t<meta property=\"og:image:width\" content=\"1074\" \/>\n\t<meta property=\"og:image:height\" content=\"1356\" \/>\n\t<meta property=\"og:image:type\" content=\"image\/png\" \/>\n<meta name=\"author\" content=\"jorge\" \/>\n<meta name=\"twitter:card\" content=\"summary_large_image\" \/>\n<meta name=\"twitter:creator\" content=\"@eufashionsummit\" \/>\n<meta name=\"twitter:site\" content=\"@eufashionsummit\" \/>\n<meta name=\"twitter:label1\" content=\"Written by\" \/>\n\t<meta name=\"twitter:data1\" content=\"jorge\" \/>\n\t<meta name=\"twitter:label2\" content=\"Est. reading time\" \/>\n\t<meta name=\"twitter:data2\" content=\"1 minute\" \/>\n<script type=\"application\/ld+json\" class=\"yoast-schema-graph\">{\"@context\":\"https:\/\/schema.org\",\"@graph\":[{\"@type\":\"Article\",\"@id\":\"https:\/\/efs2023.glabsgroup.com\/2023\/08\/24\/europe-fashion-summit-el-primer-encuentro-internacional-sobre-moda-tecnologia-y-negocios-llega-a-madrid\/#article\",\"isPartOf\":{\"@id\":\"https:\/\/efs2023.glabsgroup.com\/2023\/08\/24\/europe-fashion-summit-el-primer-encuentro-internacional-sobre-moda-tecnologia-y-negocios-llega-a-madrid\/\"},\"author\":{\"name\":\"jorge\",\"@id\":\"https:\/\/efs2023.glabsgroup.com\/#\/schema\/person\/297929bf62ddde4eb53986f0fab42e27\"},\"headline\":\"Europe Fashion Summit: El primer encuentro internacional sobre moda, tecnolog\u00eda y negocios llega a Madrid\",\"datePublished\":\"2023-08-24T04:55:24+00:00\",\"dateModified\":\"2023-08-24T04:55:24+00:00\",\"mainEntityOfPage\":{\"@id\":\"https:\/\/efs2023.glabsgroup.com\/2023\/08\/24\/europe-fashion-summit-el-primer-encuentro-internacional-sobre-moda-tecnologia-y-negocios-llega-a-madrid\/\"},\"wordCount\":146,\"commentCount\":0,\"publisher\":{\"@id\":\"https:\/\/efs2023.glabsgroup.com\/#organization\"},\"image\":{\"@id\":\"https:\/\/efs2023.glabsgroup.com\/2023\/08\/24\/europe-fashion-summit-el-primer-encuentro-internacional-sobre-moda-tecnologia-y-negocios-llega-a-madrid\/#primaryimage\"},\"thumbnailUrl\":\"https:\/\/efs2023.glabsgroup.com\/wp-content\/uploads\/2023\/08\/Marta-Ortiz.-Nota-de-prensa2.png\",\"inLanguage\":\"en-US\",\"potentialAction\":[{\"@type\":\"CommentAction\",\"name\":\"Comment\",\"target\":[\"https:\/\/efs2023.glabsgroup.com\/2023\/08\/24\/europe-fashion-summit-el-primer-encuentro-internacional-sobre-moda-tecnologia-y-negocios-llega-a-madrid\/#respond\"]}]},{\"@type\":\"WebPage\",\"@id\":\"https:\/\/efs2023.glabsgroup.com\/2023\/08\/24\/europe-fashion-summit-el-primer-encuentro-internacional-sobre-moda-tecnologia-y-negocios-llega-a-madrid\/\",\"url\":\"https:\/\/efs2023.glabsgroup.com\/2023\/08\/24\/europe-fashion-summit-el-primer-encuentro-internacional-sobre-moda-tecnologia-y-negocios-llega-a-madrid\/\",\"name\":\"Europe Fashion Summit: El primer encuentro internacional sobre moda, tecnolog\u00eda y negocios llega a Madrid - EFS2023\",\"isPartOf\":{\"@id\":\"https:\/\/efs2023.glabsgroup.com\/#website\"},\"primaryImageOfPage\":{\"@id\":\"https:\/\/efs2023.glabsgroup.com\/2023\/08\/24\/europe-fashion-summit-el-primer-encuentro-internacional-sobre-moda-tecnologia-y-negocios-llega-a-madrid\/#primaryimage\"},\"image\":{\"@id\":\"https:\/\/efs2023.glabsgroup.com\/2023\/08\/24\/europe-fashion-summit-el-primer-encuentro-internacional-sobre-moda-tecnologia-y-negocios-llega-a-madrid\/#primaryimage\"},\"thumbnailUrl\":\"https:\/\/efs2023.glabsgroup.com\/wp-content\/uploads\/2023\/08\/Marta-Ortiz.-Nota-de-prensa2.png\",\"datePublished\":\"2023-08-24T04:55:24+00:00\",\"dateModified\":\"2023-08-24T04:55:24+00:00\",\"breadcrumb\":{\"@id\":\"https:\/\/efs2023.glabsgroup.com\/2023\/08\/24\/europe-fashion-summit-el-primer-encuentro-internacional-sobre-moda-tecnologia-y-negocios-llega-a-madrid\/#breadcrumb\"},\"inLanguage\":\"en-US\",\"potentialAction\":[{\"@type\":\"ReadAction\",\"target\":[\"https:\/\/efs2023.glabsgroup.com\/2023\/08\/24\/europe-fashion-summit-el-primer-encuentro-internacional-sobre-moda-tecnologia-y-negocios-llega-a-madrid\/\"]}]},{\"@type\":\"ImageObject\",\"inLanguage\":\"en-US\",\"@id\":\"https:\/\/efs2023.glabsgroup.com\/2023\/08\/24\/europe-fashion-summit-el-primer-encuentro-internacional-sobre-moda-tecnologia-y-negocios-llega-a-madrid\/#primaryimage\",\"url\":\"https:\/\/efs2023.glabsgroup.com\/wp-content\/uploads\/2023\/08\/Marta-Ortiz.-Nota-de-prensa2.png\",\"contentUrl\":\"https:\/\/efs2023.glabsgroup.com\/wp-content\/uploads\/2023\/08\/Marta-Ortiz.-Nota-de-prensa2.png\",\"width\":1074,\"height\":1356},{\"@type\":\"BreadcrumbList\",\"@id\":\"https:\/\/efs2023.glabsgroup.com\/2023\/08\/24\/europe-fashion-summit-el-primer-encuentro-internacional-sobre-moda-tecnologia-y-negocios-llega-a-madrid\/#breadcrumb\",\"itemListElement\":[{\"@type\":\"ListItem\",\"position\":1,\"name\":\"Portada\",\"item\":\"https:\/\/efs2023.glabsgroup.com\/\"},{\"@type\":\"ListItem\",\"position\":2,\"name\":\"Europe Fashion Summit: El primer encuentro internacional sobre moda, tecnolog\u00eda y negocios llega a Madrid\"}]},{\"@type\":\"WebSite\",\"@id\":\"https:\/\/efs2023.glabsgroup.com\/#website\",\"url\":\"https:\/\/efs2023.glabsgroup.com\/\",\"name\":\"EFS2023\",\"description\":\"\",\"publisher\":{\"@id\":\"https:\/\/efs2023.glabsgroup.com\/#organization\"},\"potentialAction\":[{\"@type\":\"SearchAction\",\"target\":{\"@type\":\"EntryPoint\",\"urlTemplate\":\"https:\/\/efs2023.glabsgroup.com\/?s={search_term_string}\"},\"query-input\":\"required name=search_term_string\"}],\"inLanguage\":\"en-US\"},{\"@type\":\"Organization\",\"@id\":\"https:\/\/efs2023.glabsgroup.com\/#organization\",\"name\":\"Europe Fashion Summit\",\"url\":\"https:\/\/efs2023.glabsgroup.com\/\",\"logo\":{\"@type\":\"ImageObject\",\"inLanguage\":\"en-US\",\"@id\":\"https:\/\/efs2023.glabsgroup.com\/#\/schema\/logo\/image\/\",\"url\":\"https:\/\/efs2023.glabsgroup.com\/wp-content\/uploads\/2023\/02\/LOGO-EFS-1.png\",\"contentUrl\":\"https:\/\/efs2023.glabsgroup.com\/wp-content\/uploads\/2023\/02\/LOGO-EFS-1.png\",\"width\":362,\"height\":162,\"caption\":\"Europe Fashion Summit\"},\"image\":{\"@id\":\"https:\/\/efs2023.glabsgroup.com\/#\/schema\/logo\/image\/\"},\"sameAs\":[\"https:\/\/www.facebook.com\/europefashionsummit\",\"https:\/\/x.com\/eufashionsummit\",\"https:\/\/www.instagram.com\/_europefashionsummit_\/\",\"https:\/\/www.linkedin.com\/company\/europefashionsummit\/\",\"https:\/\/www.youtube.com\/@EuropeFashionSummit\"]},{\"@type\":\"Person\",\"@id\":\"https:\/\/efs2023.glabsgroup.com\/#\/schema\/person\/297929bf62ddde4eb53986f0fab42e27\",\"name\":\"jorge\",\"image\":{\"@type\":\"ImageObject\",\"inLanguage\":\"en-US\",\"@id\":\"https:\/\/efs2023.glabsgroup.com\/#\/schema\/person\/image\/\",\"url\":\"https:\/\/efs2023.glabsgroup.com\/wp-content\/litespeed\/avatar\/f923b06f47ca10efec79cdeee1085de4.jpg?ver=1777472036\",\"contentUrl\":\"https:\/\/efs2023.glabsgroup.com\/wp-content\/litespeed\/avatar\/f923b06f47ca10efec79cdeee1085de4.jpg?ver=1777472036\",\"caption\":\"jorge\"},\"url\":\"https:\/\/efs2023.glabsgroup.com\/en\/author\/jorge\/\"}]}<\/script>\n<!-- \/ Yoast SEO plugin. -->","yoast_head_json":{"title":"Europe Fashion Summit: El primer encuentro internacional sobre moda, tecnolog\u00eda y negocios llega a Madrid - EFS2023","robots":{"index":"index","follow":"follow","max-snippet":"max-snippet:-1","max-image-preview":"max-image-preview:large","max-video-preview":"max-video-preview:-1"},"canonical":"https:\/\/efs2023.glabsgroup.com\/en\/2023\/08\/24\/europe-fashion-summit-el-primer-encuentro-internacional-sobre-moda-tecnologia-y-negocios-llega-a-madrid\/","og_locale":"en_US","og_type":"article","og_title":"Europe Fashion Summit: El primer encuentro internacional sobre moda, tecnolog\u00eda y negocios llega a Madrid - EFS2023","og_description":"Entre el 19 y el 21 de septiembre tendr\u00e1 lugar, en el auditorio del Museo Reina Sof\u00eda, este encuentro que nace con el objetivo de impulsar Madrid, no solo como capital del dise\u00f1o y la moda, sino tambi\u00e9n como capital de networking y formaci\u00f3n de moda, involucrando a ciudadanos y visitantes y fomentando las ventas&hellip; Continue reading Europe Fashion Summit: El primer encuentro internacional sobre moda, tecnolog\u00eda y negocios llega a Madrid","og_url":"https:\/\/efs2023.glabsgroup.com\/en\/2023\/08\/24\/europe-fashion-summit-el-primer-encuentro-internacional-sobre-moda-tecnologia-y-negocios-llega-a-madrid\/","og_site_name":"EFS2023","article_publisher":"https:\/\/www.facebook.com\/europefashionsummit","article_published_time":"2023-08-24T04:55:24+00:00","og_image":[{"width":1074,"height":1356,"url":"https:\/\/efs2023.glabsgroup.com\/wp-content\/uploads\/2023\/08\/Marta-Ortiz.-Nota-de-prensa2.png","type":"image\/png"}],"author":"jorge","twitter_card":"summary_large_image","twitter_creator":"@eufashionsummit","twitter_site":"@eufashionsummit","twitter_misc":{"Written by":"jorge","Est. reading time":"1 minute"},"schema":{"@context":"https:\/\/schema.org","@graph":[{"@type":"Article","@id":"https:\/\/efs2023.glabsgroup.com\/2023\/08\/24\/europe-fashion-summit-el-primer-encuentro-internacional-sobre-moda-tecnologia-y-negocios-llega-a-madrid\/#article","isPartOf":{"@id":"https:\/\/efs2023.glabsgroup.com\/2023\/08\/24\/europe-fashion-summit-el-primer-encuentro-internacional-sobre-moda-tecnologia-y-negocios-llega-a-madrid\/"},"author":{"name":"jorge","@id":"https:\/\/efs2023.glabsgroup.com\/#\/schema\/person\/297929bf62ddde4eb53986f0fab42e27"},"headline":"Europe Fashion Summit: El primer encuentro internacional sobre moda, tecnolog\u00eda y negocios llega a Madrid","datePublished":"2023-08-24T04:55:24+00:00","dateModified":"2023-08-24T04:55:24+00:00","mainEntityOfPage":{"@id":"https:\/\/efs2023.glabsgroup.com\/2023\/08\/24\/europe-fashion-summit-el-primer-encuentro-internacional-sobre-moda-tecnologia-y-negocios-llega-a-madrid\/"},"wordCount":146,"commentCount":0,"publisher":{"@id":"https:\/\/efs2023.glabsgroup.com\/#organization"},"image":{"@id":"https:\/\/efs2023.glabsgroup.com\/2023\/08\/24\/europe-fashion-summit-el-primer-encuentro-internacional-sobre-moda-tecnologia-y-negocios-llega-a-madrid\/#primaryimage"},"thumbnailUrl":"https:\/\/efs2023.glabsgroup.com\/wp-content\/uploads\/2023\/08\/Marta-Ortiz.-Nota-de-prensa2.png","inLanguage":"en-US","potentialAction":[{"@type":"CommentAction","name":"Comment","target":["https:\/\/efs2023.glabsgroup.com\/2023\/08\/24\/europe-fashion-summit-el-primer-encuentro-internacional-sobre-moda-tecnologia-y-negocios-llega-a-madrid\/#respond"]}]},{"@type":"WebPage","@id":"https:\/\/efs2023.glabsgroup.com\/2023\/08\/24\/europe-fashion-summit-el-primer-encuentro-internacional-sobre-moda-tecnologia-y-negocios-llega-a-madrid\/","url":"https:\/\/efs2023.glabsgroup.com\/2023\/08\/24\/europe-fashion-summit-el-primer-encuentro-internacional-sobre-moda-tecnologia-y-negocios-llega-a-madrid\/","name":"Europe Fashion Summit: El primer encuentro internacional sobre moda, tecnolog\u00eda y negocios llega a Madrid - EFS2023","isPartOf":{"@id":"https:\/\/efs2023.glabsgroup.com\/#website"},"primaryImageOfPage":{"@id":"https:\/\/efs2023.glabsgroup.com\/2023\/08\/24\/europe-fashion-summit-el-primer-encuentro-internacional-sobre-moda-tecnologia-y-negocios-llega-a-madrid\/#primaryimage"},"image":{"@id":"https:\/\/efs2023.glabsgroup.com\/2023\/08\/24\/europe-fashion-summit-el-primer-encuentro-internacional-sobre-moda-tecnologia-y-negocios-llega-a-madrid\/#primaryimage"},"thumbnailUrl":"https:\/\/efs2023.glabsgroup.com\/wp-content\/uploads\/2023\/08\/Marta-Ortiz.-Nota-de-prensa2.png","datePublished":"2023-08-24T04:55:24+00:00","dateModified":"2023-08-24T04:55:24+00:00","breadcrumb":{"@id":"https:\/\/efs2023.glabsgroup.com\/2023\/08\/24\/europe-fashion-summit-el-primer-encuentro-internacional-sobre-moda-tecnologia-y-negocios-llega-a-madrid\/#breadcrumb"},"inLanguage":"en-US","potentialAction":[{"@type":"ReadAction","target":["https:\/\/efs2023.glabsgroup.com\/2023\/08\/24\/europe-fashion-summit-el-primer-encuentro-internacional-sobre-moda-tecnologia-y-negocios-llega-a-madrid\/"]}]},{"@type":"ImageObject","inLanguage":"en-US","@id":"https:\/\/efs2023.glabsgroup.com\/2023\/08\/24\/europe-fashion-summit-el-primer-encuentro-internacional-sobre-moda-tecnologia-y-negocios-llega-a-madrid\/#primaryimage","url":"https:\/\/efs2023.glabsgroup.com\/wp-content\/uploads\/2023\/08\/Marta-Ortiz.-Nota-de-prensa2.png","contentUrl":"https:\/\/efs2023.glabsgroup.com\/wp-content\/uploads\/2023\/08\/Marta-Ortiz.-Nota-de-prensa2.png","width":1074,"height":1356},{"@type":"BreadcrumbList","@id":"https:\/\/efs2023.glabsgroup.com\/2023\/08\/24\/europe-fashion-summit-el-primer-encuentro-internacional-sobre-moda-tecnologia-y-negocios-llega-a-madrid\/#breadcrumb","itemListElement":[{"@type":"ListItem","position":1,"name":"Portada","item":"https:\/\/efs2023.glabsgroup.com\/"},{"@type":"ListItem","position":2,"name":"Europe Fashion Summit: El primer encuentro internacional sobre moda, tecnolog\u00eda y negocios llega a Madrid"}]},{"@type":"WebSite","@id":"https:\/\/efs2023.glabsgroup.com\/#website","url":"https:\/\/efs2023.glabsgroup.com\/","name":"EFS2023","description":"","publisher":{"@id":"https:\/\/efs2023.glabsgroup.com\/#organization"},"potentialAction":[{"@type":"SearchAction","target":{"@type":"EntryPoint","urlTemplate":"https:\/\/efs2023.glabsgroup.com\/?s={search_term_string}"},"query-input":"required name=search_term_string"}],"inLanguage":"en-US"},{"@type":"Organization","@id":"https:\/\/efs2023.glabsgroup.com\/#organization","name":"European Fashion Summit","url":"https:\/\/efs2023.glabsgroup.com\/","logo":{"@type":"ImageObject","inLanguage":"en-US","@id":"https:\/\/efs2023.glabsgroup.com\/#\/schema\/logo\/image\/","url":"https:\/\/efs2023.glabsgroup.com\/wp-content\/uploads\/2023\/02\/LOGO-EFS-1.png","contentUrl":"https:\/\/efs2023.glabsgroup.com\/wp-content\/uploads\/2023\/02\/LOGO-EFS-1.png","width":362,"height":162,"caption":"Europe Fashion Summit"},"image":{"@id":"https:\/\/efs2023.glabsgroup.com\/#\/schema\/logo\/image\/"},"sameAs":["https:\/\/www.facebook.com\/europefashionsummit","https:\/\/x.com\/eufashionsummit","https:\/\/www.instagram.com\/_europefashionsummit_\/","https:\/\/www.linkedin.com\/company\/europefashionsummit\/","https:\/\/www.youtube.com\/@EuropeFashionSummit"]},{"@type":"Person","@id":"https:\/\/efs2023.glabsgroup.com\/#\/schema\/person\/297929bf62ddde4eb53986f0fab42e27","name":"Jorge","image":{"@type":"ImageObject","inLanguage":"en-US","@id":"https:\/\/efs2023.glabsgroup.com\/#\/schema\/person\/image\/","url":"https:\/\/efs2023.glabsgroup.com\/wp-content\/litespeed\/avatar\/f923b06f47ca10efec79cdeee1085de4.jpg?ver=1777472036","contentUrl":"https:\/\/efs2023.glabsgroup.com\/wp-content\/litespeed\/avatar\/f923b06f47ca10efec79cdeee1085de4.jpg?ver=1777472036","caption":"jorge"},"url":"https:\/\/efs2023.glabsgroup.com\/en\/author\/jorge\/"}]}},"_links":{"self":[{"href":"https:\/\/efs2023.glabsgroup.com\/en\/wp-json\/wp\/v2\/posts\/4162"}],"collection":[{"href":"https:\/\/efs2023.glabsgroup.com\/en\/wp-json\/wp\/v2\/posts"}],"about":[{"href":"https:\/\/efs2023.glabsgroup.com\/en\/wp-json\/wp\/v2\/types\/post"}],"author":[{"embeddable":true,"href":"https:\/\/efs2023.glabsgroup.com\/en\/wp-json\/wp\/v2\/users\/2"}],"replies":[{"embeddable":true,"href":"https:\/\/efs2023.glabsgroup.com\/en\/wp-json\/wp\/v2\/comments?post=4162"}],"version-history":[{"count":1,"href":"https:\/\/efs2023.glabsgroup.com\/en\/wp-json\/wp\/v2\/posts\/4162\/revisions"}],"predecessor-version":[{"id":4164,"href":"https:\/\/efs2023.glabsgroup.com\/en\/wp-json\/wp\/v2\/posts\/4162\/revisions\/4164"}],"wp:featuredmedia":[{"embeddable":true,"href":"https:\/\/efs2023.glabsgroup.com\/en\/wp-json\/wp\/v2\/media\/4163"}],"wp:attachment":[{"href":"https:\/\/efs2023.glabsgroup.com\/en\/wp-json\/wp\/v2\/media?parent=4162"}],"wp:term":[{"taxonomy":"category","embeddable":true,"href":"https:\/\/efs2023.glabsgroup.com\/en\/wp-json\/wp\/v2\/categories?post=4162"},{"taxonomy":"post_tag","embeddable":true,"href":"https:\/\/efs2023.glabsgroup.com\/en\/wp-json\/wp\/v2\/tags?post=4162"}],"curies":[{"name":"wp","href":"https:\/\/api.w.org\/{rel}","templated":true}]}}