{"id":4159,"date":"2023-08-24T04:54:06","date_gmt":"2023-08-24T04:54:06","guid":{"rendered":"https:\/\/efs2023.glabsgroup.com\/?p=4159"},"modified":"2023-08-24T04:54:06","modified_gmt":"2023-08-24T04:54:06","slug":"europe-fashion-summit-celebrara-su-primera-edicion-entre-el-19-y-el-21-de-septiembre","status":"publish","type":"post","link":"https:\/\/efs2023.glabsgroup.com\/en\/2023\/08\/24\/europe-fashion-summit-celebrara-su-primera-edicion-entre-el-19-y-el-21-de-septiembre\/","title":{"rendered":"Europe Fashion Summit will celebrate its first edition between September 19 and 21."},"content":{"rendered":"<p>Madrid is committed to promoting networking and training in the fashion sector. Between September 19 and 21, the Museo Reina Sof\u00eda auditorium will host the first edition of the Europe Fashion Summit international fashion, technology and business congress. For its debut, the event will be attended by professionals of the stature of\u00a0<a href=\"https:\/\/es.fashionnetwork.com\/tags-hannibal-laguna\">Hannibal Lagoon<\/a>\u00a0or Domingo Rodr\u00edguez L\u00e1zaro, creative director of Dominnico.<br><\/p>\n\n\n\n<p class=\"has-text-align-center\"><a href=\"https:\/\/es.fashionnetwork.com\/news\/Europe-fashion-summit-celebrara-su-primera-edicion-entre-el-19-y-el-21-de-septiembre,1540958.html\">SEE COMPLETE NEWS<\/a><\/p>","protected":false},"excerpt":{"rendered":"<p>Madrid is committed to promoting networking and training in the fashion sector. Between September 19 and 21, the Reina Sof\u00eda Museum auditorium will host the first edition of the international fashion, technology and business conference Europe Fashion Summit. For its debut, the event will be attended by professionals\u2026 <a class=\"more-link\" href=\"https:\/\/efs2023.glabsgroup.com\/en\/2023\/08\/24\/europe-fashion-summit-celebrara-su-primera-edicion-entre-el-19-y-el-21-de-septiembre\/\">Continue reading <span class=\"screen-reader-text\">Europe Fashion Summit will celebrate its first edition between September 19 and 21.<\/span><\/a><\/p>","protected":false},"author":2,"featured_media":4160,"comment_status":"open","ping_status":"open","sticky":false,"template":"","format":"standard","meta":{"footnotes":""},"categories":[1],"tags":[],"yoast_head":"<!-- This site is optimized with the Yoast SEO plugin v23.0 - https:\/\/yoast.com\/wordpress\/plugins\/seo\/ -->\n<title>Europe Fashion Summit celebrar\u00e1 su primera edici\u00f3n entre el 19 y el 21 de septiembre. - EFS2023<\/title>\n<meta name=\"robots\" content=\"index, follow, max-snippet:-1, max-image-preview:large, max-video-preview:-1\" \/>\n<link rel=\"canonical\" href=\"https:\/\/efs2023.glabsgroup.com\/en\/2023\/08\/24\/europe-fashion-summit-celebrara-su-primera-edicion-entre-el-19-y-el-21-de-septiembre\/\" \/>\n<meta property=\"og:locale\" content=\"en_US\" \/>\n<meta property=\"og:type\" content=\"article\" \/>\n<meta property=\"og:title\" content=\"Europe Fashion Summit celebrar\u00e1 su primera edici\u00f3n entre el 19 y el 21 de septiembre. - EFS2023\" \/>\n<meta property=\"og:description\" content=\"Madrid apuesta por impulsar el networking y la formaci\u00f3n en el sector de la moda. Entre los d\u00edas 19 y 21 de septiembre, el auditorio del Museo Reina Sof\u00eda acoger\u00e1 la primera edici\u00f3n del congreso internacional de moda, tecnolog\u00eda y negocios Europe Fashion Summit. Para su debut, el evento contar\u00e1 con la presencia de profesionales&hellip; Continue reading Europe Fashion Summit celebrar\u00e1 su primera edici\u00f3n entre el 19 y el 21 de septiembre.\" \/>\n<meta property=\"og:url\" content=\"https:\/\/efs2023.glabsgroup.com\/en\/2023\/08\/24\/europe-fashion-summit-celebrara-su-primera-edicion-entre-el-19-y-el-21-de-septiembre\/\" \/>\n<meta property=\"og:site_name\" content=\"EFS2023\" \/>\n<meta property=\"article:publisher\" content=\"https:\/\/www.facebook.com\/europefashionsummit\" \/>\n<meta property=\"article:published_time\" content=\"2023-08-24T04:54:06+00:00\" \/>\n<meta property=\"og:image\" content=\"https:\/\/efs2023.glabsgroup.com\/wp-content\/uploads\/2023\/08\/Domingo-Nota-de-Prensa.jpeg\" \/>\n\t<meta property=\"og:image:width\" content=\"750\" \/>\n\t<meta property=\"og:image:height\" content=\"1000\" \/>\n\t<meta property=\"og:image:type\" content=\"image\/jpeg\" \/>\n<meta name=\"author\" content=\"jorge\" \/>\n<meta name=\"twitter:card\" content=\"summary_large_image\" \/>\n<meta name=\"twitter:creator\" content=\"@eufashionsummit\" \/>\n<meta name=\"twitter:site\" content=\"@eufashionsummit\" \/>\n<meta name=\"twitter:label1\" content=\"Written by\" \/>\n\t<meta name=\"twitter:data1\" content=\"jorge\" \/>\n\t<meta name=\"twitter:label2\" content=\"Est. reading time\" \/>\n\t<meta name=\"twitter:data2\" content=\"1 minute\" \/>\n<script type=\"application\/ld+json\" class=\"yoast-schema-graph\">{\"@context\":\"https:\/\/schema.org\",\"@graph\":[{\"@type\":\"Article\",\"@id\":\"https:\/\/efs2023.glabsgroup.com\/2023\/08\/24\/europe-fashion-summit-celebrara-su-primera-edicion-entre-el-19-y-el-21-de-septiembre\/#article\",\"isPartOf\":{\"@id\":\"https:\/\/efs2023.glabsgroup.com\/2023\/08\/24\/europe-fashion-summit-celebrara-su-primera-edicion-entre-el-19-y-el-21-de-septiembre\/\"},\"author\":{\"name\":\"jorge\",\"@id\":\"https:\/\/efs2023.glabsgroup.com\/#\/schema\/person\/297929bf62ddde4eb53986f0fab42e27\"},\"headline\":\"Europe Fashion Summit celebrar\u00e1 su primera edici\u00f3n entre el 19 y el 21 de septiembre.\",\"datePublished\":\"2023-08-24T04:54:06+00:00\",\"dateModified\":\"2023-08-24T04:54:06+00:00\",\"mainEntityOfPage\":{\"@id\":\"https:\/\/efs2023.glabsgroup.com\/2023\/08\/24\/europe-fashion-summit-celebrara-su-primera-edicion-entre-el-19-y-el-21-de-septiembre\/\"},\"wordCount\":91,\"commentCount\":0,\"publisher\":{\"@id\":\"https:\/\/efs2023.glabsgroup.com\/#organization\"},\"image\":{\"@id\":\"https:\/\/efs2023.glabsgroup.com\/2023\/08\/24\/europe-fashion-summit-celebrara-su-primera-edicion-entre-el-19-y-el-21-de-septiembre\/#primaryimage\"},\"thumbnailUrl\":\"https:\/\/efs2023.glabsgroup.com\/wp-content\/uploads\/2023\/08\/Domingo-Nota-de-Prensa.jpeg\",\"inLanguage\":\"en-US\",\"potentialAction\":[{\"@type\":\"CommentAction\",\"name\":\"Comment\",\"target\":[\"https:\/\/efs2023.glabsgroup.com\/2023\/08\/24\/europe-fashion-summit-celebrara-su-primera-edicion-entre-el-19-y-el-21-de-septiembre\/#respond\"]}]},{\"@type\":\"WebPage\",\"@id\":\"https:\/\/efs2023.glabsgroup.com\/2023\/08\/24\/europe-fashion-summit-celebrara-su-primera-edicion-entre-el-19-y-el-21-de-septiembre\/\",\"url\":\"https:\/\/efs2023.glabsgroup.com\/2023\/08\/24\/europe-fashion-summit-celebrara-su-primera-edicion-entre-el-19-y-el-21-de-septiembre\/\",\"name\":\"Europe Fashion Summit celebrar\u00e1 su primera edici\u00f3n entre el 19 y el 21 de septiembre. - EFS2023\",\"isPartOf\":{\"@id\":\"https:\/\/efs2023.glabsgroup.com\/#website\"},\"primaryImageOfPage\":{\"@id\":\"https:\/\/efs2023.glabsgroup.com\/2023\/08\/24\/europe-fashion-summit-celebrara-su-primera-edicion-entre-el-19-y-el-21-de-septiembre\/#primaryimage\"},\"image\":{\"@id\":\"https:\/\/efs2023.glabsgroup.com\/2023\/08\/24\/europe-fashion-summit-celebrara-su-primera-edicion-entre-el-19-y-el-21-de-septiembre\/#primaryimage\"},\"thumbnailUrl\":\"https:\/\/efs2023.glabsgroup.com\/wp-content\/uploads\/2023\/08\/Domingo-Nota-de-Prensa.jpeg\",\"datePublished\":\"2023-08-24T04:54:06+00:00\",\"dateModified\":\"2023-08-24T04:54:06+00:00\",\"breadcrumb\":{\"@id\":\"https:\/\/efs2023.glabsgroup.com\/2023\/08\/24\/europe-fashion-summit-celebrara-su-primera-edicion-entre-el-19-y-el-21-de-septiembre\/#breadcrumb\"},\"inLanguage\":\"en-US\",\"potentialAction\":[{\"@type\":\"ReadAction\",\"target\":[\"https:\/\/efs2023.glabsgroup.com\/2023\/08\/24\/europe-fashion-summit-celebrara-su-primera-edicion-entre-el-19-y-el-21-de-septiembre\/\"]}]},{\"@type\":\"ImageObject\",\"inLanguage\":\"en-US\",\"@id\":\"https:\/\/efs2023.glabsgroup.com\/2023\/08\/24\/europe-fashion-summit-celebrara-su-primera-edicion-entre-el-19-y-el-21-de-septiembre\/#primaryimage\",\"url\":\"https:\/\/efs2023.glabsgroup.com\/wp-content\/uploads\/2023\/08\/Domingo-Nota-de-Prensa.jpeg\",\"contentUrl\":\"https:\/\/efs2023.glabsgroup.com\/wp-content\/uploads\/2023\/08\/Domingo-Nota-de-Prensa.jpeg\",\"width\":750,\"height\":1000},{\"@type\":\"BreadcrumbList\",\"@id\":\"https:\/\/efs2023.glabsgroup.com\/2023\/08\/24\/europe-fashion-summit-celebrara-su-primera-edicion-entre-el-19-y-el-21-de-septiembre\/#breadcrumb\",\"itemListElement\":[{\"@type\":\"ListItem\",\"position\":1,\"name\":\"Portada\",\"item\":\"https:\/\/efs2023.glabsgroup.com\/\"},{\"@type\":\"ListItem\",\"position\":2,\"name\":\"Europe Fashion Summit celebrar\u00e1 su primera edici\u00f3n entre el 19 y el 21 de septiembre.\"}]},{\"@type\":\"WebSite\",\"@id\":\"https:\/\/efs2023.glabsgroup.com\/#website\",\"url\":\"https:\/\/efs2023.glabsgroup.com\/\",\"name\":\"EFS2023\",\"description\":\"\",\"publisher\":{\"@id\":\"https:\/\/efs2023.glabsgroup.com\/#organization\"},\"potentialAction\":[{\"@type\":\"SearchAction\",\"target\":{\"@type\":\"EntryPoint\",\"urlTemplate\":\"https:\/\/efs2023.glabsgroup.com\/?s={search_term_string}\"},\"query-input\":\"required name=search_term_string\"}],\"inLanguage\":\"en-US\"},{\"@type\":\"Organization\",\"@id\":\"https:\/\/efs2023.glabsgroup.com\/#organization\",\"name\":\"Europe Fashion Summit\",\"url\":\"https:\/\/efs2023.glabsgroup.com\/\",\"logo\":{\"@type\":\"ImageObject\",\"inLanguage\":\"en-US\",\"@id\":\"https:\/\/efs2023.glabsgroup.com\/#\/schema\/logo\/image\/\",\"url\":\"https:\/\/efs2023.glabsgroup.com\/wp-content\/uploads\/2023\/02\/LOGO-EFS-1.png\",\"contentUrl\":\"https:\/\/efs2023.glabsgroup.com\/wp-content\/uploads\/2023\/02\/LOGO-EFS-1.png\",\"width\":362,\"height\":162,\"caption\":\"Europe Fashion Summit\"},\"image\":{\"@id\":\"https:\/\/efs2023.glabsgroup.com\/#\/schema\/logo\/image\/\"},\"sameAs\":[\"https:\/\/www.facebook.com\/europefashionsummit\",\"https:\/\/x.com\/eufashionsummit\",\"https:\/\/www.instagram.com\/_europefashionsummit_\/\",\"https:\/\/www.linkedin.com\/company\/europefashionsummit\/\",\"https:\/\/www.youtube.com\/@EuropeFashionSummit\"]},{\"@type\":\"Person\",\"@id\":\"https:\/\/efs2023.glabsgroup.com\/#\/schema\/person\/297929bf62ddde4eb53986f0fab42e27\",\"name\":\"jorge\",\"image\":{\"@type\":\"ImageObject\",\"inLanguage\":\"en-US\",\"@id\":\"https:\/\/efs2023.glabsgroup.com\/#\/schema\/person\/image\/\",\"url\":\"https:\/\/efs2023.glabsgroup.com\/wp-content\/litespeed\/avatar\/f923b06f47ca10efec79cdeee1085de4.jpg?ver=1777472036\",\"contentUrl\":\"https:\/\/efs2023.glabsgroup.com\/wp-content\/litespeed\/avatar\/f923b06f47ca10efec79cdeee1085de4.jpg?ver=1777472036\",\"caption\":\"jorge\"},\"url\":\"https:\/\/efs2023.glabsgroup.com\/en\/author\/jorge\/\"}]}<\/script>\n<!-- \/ Yoast SEO plugin. -->","yoast_head_json":{"title":"Europe Fashion Summit celebrar\u00e1 su primera edici\u00f3n entre el 19 y el 21 de septiembre. - EFS2023","robots":{"index":"index","follow":"follow","max-snippet":"max-snippet:-1","max-image-preview":"max-image-preview:large","max-video-preview":"max-video-preview:-1"},"canonical":"https:\/\/efs2023.glabsgroup.com\/en\/2023\/08\/24\/europe-fashion-summit-celebrara-su-primera-edicion-entre-el-19-y-el-21-de-septiembre\/","og_locale":"en_US","og_type":"article","og_title":"Europe Fashion Summit celebrar\u00e1 su primera edici\u00f3n entre el 19 y el 21 de septiembre. - EFS2023","og_description":"Madrid apuesta por impulsar el networking y la formaci\u00f3n en el sector de la moda. Entre los d\u00edas 19 y 21 de septiembre, el auditorio del Museo Reina Sof\u00eda acoger\u00e1 la primera edici\u00f3n del congreso internacional de moda, tecnolog\u00eda y negocios Europe Fashion Summit. Para su debut, el evento contar\u00e1 con la presencia de profesionales&hellip; Continue reading Europe Fashion Summit celebrar\u00e1 su primera edici\u00f3n entre el 19 y el 21 de septiembre.","og_url":"https:\/\/efs2023.glabsgroup.com\/en\/2023\/08\/24\/europe-fashion-summit-celebrara-su-primera-edicion-entre-el-19-y-el-21-de-septiembre\/","og_site_name":"EFS2023","article_publisher":"https:\/\/www.facebook.com\/europefashionsummit","article_published_time":"2023-08-24T04:54:06+00:00","og_image":[{"width":750,"height":1000,"url":"https:\/\/efs2023.glabsgroup.com\/wp-content\/uploads\/2023\/08\/Domingo-Nota-de-Prensa.jpeg","type":"image\/jpeg"}],"author":"jorge","twitter_card":"summary_large_image","twitter_creator":"@eufashionsummit","twitter_site":"@eufashionsummit","twitter_misc":{"Written by":"jorge","Est. reading time":"1 minute"},"schema":{"@context":"https:\/\/schema.org","@graph":[{"@type":"Article","@id":"https:\/\/efs2023.glabsgroup.com\/2023\/08\/24\/europe-fashion-summit-celebrara-su-primera-edicion-entre-el-19-y-el-21-de-septiembre\/#article","isPartOf":{"@id":"https:\/\/efs2023.glabsgroup.com\/2023\/08\/24\/europe-fashion-summit-celebrara-su-primera-edicion-entre-el-19-y-el-21-de-septiembre\/"},"author":{"name":"jorge","@id":"https:\/\/efs2023.glabsgroup.com\/#\/schema\/person\/297929bf62ddde4eb53986f0fab42e27"},"headline":"Europe Fashion Summit celebrar\u00e1 su primera edici\u00f3n entre el 19 y el 21 de septiembre.","datePublished":"2023-08-24T04:54:06+00:00","dateModified":"2023-08-24T04:54:06+00:00","mainEntityOfPage":{"@id":"https:\/\/efs2023.glabsgroup.com\/2023\/08\/24\/europe-fashion-summit-celebrara-su-primera-edicion-entre-el-19-y-el-21-de-septiembre\/"},"wordCount":91,"commentCount":0,"publisher":{"@id":"https:\/\/efs2023.glabsgroup.com\/#organization"},"image":{"@id":"https:\/\/efs2023.glabsgroup.com\/2023\/08\/24\/europe-fashion-summit-celebrara-su-primera-edicion-entre-el-19-y-el-21-de-septiembre\/#primaryimage"},"thumbnailUrl":"https:\/\/efs2023.glabsgroup.com\/wp-content\/uploads\/2023\/08\/Domingo-Nota-de-Prensa.jpeg","inLanguage":"en-US","potentialAction":[{"@type":"CommentAction","name":"Comment","target":["https:\/\/efs2023.glabsgroup.com\/2023\/08\/24\/europe-fashion-summit-celebrara-su-primera-edicion-entre-el-19-y-el-21-de-septiembre\/#respond"]}]},{"@type":"WebPage","@id":"https:\/\/efs2023.glabsgroup.com\/2023\/08\/24\/europe-fashion-summit-celebrara-su-primera-edicion-entre-el-19-y-el-21-de-septiembre\/","url":"https:\/\/efs2023.glabsgroup.com\/2023\/08\/24\/europe-fashion-summit-celebrara-su-primera-edicion-entre-el-19-y-el-21-de-septiembre\/","name":"Europe Fashion Summit celebrar\u00e1 su primera edici\u00f3n entre el 19 y el 21 de septiembre. - EFS2023","isPartOf":{"@id":"https:\/\/efs2023.glabsgroup.com\/#website"},"primaryImageOfPage":{"@id":"https:\/\/efs2023.glabsgroup.com\/2023\/08\/24\/europe-fashion-summit-celebrara-su-primera-edicion-entre-el-19-y-el-21-de-septiembre\/#primaryimage"},"image":{"@id":"https:\/\/efs2023.glabsgroup.com\/2023\/08\/24\/europe-fashion-summit-celebrara-su-primera-edicion-entre-el-19-y-el-21-de-septiembre\/#primaryimage"},"thumbnailUrl":"https:\/\/efs2023.glabsgroup.com\/wp-content\/uploads\/2023\/08\/Domingo-Nota-de-Prensa.jpeg","datePublished":"2023-08-24T04:54:06+00:00","dateModified":"2023-08-24T04:54:06+00:00","breadcrumb":{"@id":"https:\/\/efs2023.glabsgroup.com\/2023\/08\/24\/europe-fashion-summit-celebrara-su-primera-edicion-entre-el-19-y-el-21-de-septiembre\/#breadcrumb"},"inLanguage":"en-US","potentialAction":[{"@type":"ReadAction","target":["https:\/\/efs2023.glabsgroup.com\/2023\/08\/24\/europe-fashion-summit-celebrara-su-primera-edicion-entre-el-19-y-el-21-de-septiembre\/"]}]},{"@type":"ImageObject","inLanguage":"en-US","@id":"https:\/\/efs2023.glabsgroup.com\/2023\/08\/24\/europe-fashion-summit-celebrara-su-primera-edicion-entre-el-19-y-el-21-de-septiembre\/#primaryimage","url":"https:\/\/efs2023.glabsgroup.com\/wp-content\/uploads\/2023\/08\/Domingo-Nota-de-Prensa.jpeg","contentUrl":"https:\/\/efs2023.glabsgroup.com\/wp-content\/uploads\/2023\/08\/Domingo-Nota-de-Prensa.jpeg","width":750,"height":1000},{"@type":"BreadcrumbList","@id":"https:\/\/efs2023.glabsgroup.com\/2023\/08\/24\/europe-fashion-summit-celebrara-su-primera-edicion-entre-el-19-y-el-21-de-septiembre\/#breadcrumb","itemListElement":[{"@type":"ListItem","position":1,"name":"Portada","item":"https:\/\/efs2023.glabsgroup.com\/"},{"@type":"ListItem","position":2,"name":"Europe Fashion Summit celebrar\u00e1 su primera edici\u00f3n entre el 19 y el 21 de septiembre."}]},{"@type":"WebSite","@id":"https:\/\/efs2023.glabsgroup.com\/#website","url":"https:\/\/efs2023.glabsgroup.com\/","name":"EFS2023","description":"","publisher":{"@id":"https:\/\/efs2023.glabsgroup.com\/#organization"},"potentialAction":[{"@type":"SearchAction","target":{"@type":"EntryPoint","urlTemplate":"https:\/\/efs2023.glabsgroup.com\/?s={search_term_string}"},"query-input":"required name=search_term_string"}],"inLanguage":"en-US"},{"@type":"Organization","@id":"https:\/\/efs2023.glabsgroup.com\/#organization","name":"European Fashion Summit","url":"https:\/\/efs2023.glabsgroup.com\/","logo":{"@type":"ImageObject","inLanguage":"en-US","@id":"https:\/\/efs2023.glabsgroup.com\/#\/schema\/logo\/image\/","url":"https:\/\/efs2023.glabsgroup.com\/wp-content\/uploads\/2023\/02\/LOGO-EFS-1.png","contentUrl":"https:\/\/efs2023.glabsgroup.com\/wp-content\/uploads\/2023\/02\/LOGO-EFS-1.png","width":362,"height":162,"caption":"Europe Fashion Summit"},"image":{"@id":"https:\/\/efs2023.glabsgroup.com\/#\/schema\/logo\/image\/"},"sameAs":["https:\/\/www.facebook.com\/europefashionsummit","https:\/\/x.com\/eufashionsummit","https:\/\/www.instagram.com\/_europefashionsummit_\/","https:\/\/www.linkedin.com\/company\/europefashionsummit\/","https:\/\/www.youtube.com\/@EuropeFashionSummit"]},{"@type":"Person","@id":"https:\/\/efs2023.glabsgroup.com\/#\/schema\/person\/297929bf62ddde4eb53986f0fab42e27","name":"Jorge","image":{"@type":"ImageObject","inLanguage":"en-US","@id":"https:\/\/efs2023.glabsgroup.com\/#\/schema\/person\/image\/","url":"https:\/\/efs2023.glabsgroup.com\/wp-content\/litespeed\/avatar\/f923b06f47ca10efec79cdeee1085de4.jpg?ver=1777472036","contentUrl":"https:\/\/efs2023.glabsgroup.com\/wp-content\/litespeed\/avatar\/f923b06f47ca10efec79cdeee1085de4.jpg?ver=1777472036","caption":"jorge"},"url":"https:\/\/efs2023.glabsgroup.com\/en\/author\/jorge\/"}]}},"_links":{"self":[{"href":"https:\/\/efs2023.glabsgroup.com\/en\/wp-json\/wp\/v2\/posts\/4159"}],"collection":[{"href":"https:\/\/efs2023.glabsgroup.com\/en\/wp-json\/wp\/v2\/posts"}],"about":[{"href":"https:\/\/efs2023.glabsgroup.com\/en\/wp-json\/wp\/v2\/types\/post"}],"author":[{"embeddable":true,"href":"https:\/\/efs2023.glabsgroup.com\/en\/wp-json\/wp\/v2\/users\/2"}],"replies":[{"embeddable":true,"href":"https:\/\/efs2023.glabsgroup.com\/en\/wp-json\/wp\/v2\/comments?post=4159"}],"version-history":[{"count":1,"href":"https:\/\/efs2023.glabsgroup.com\/en\/wp-json\/wp\/v2\/posts\/4159\/revisions"}],"predecessor-version":[{"id":4161,"href":"https:\/\/efs2023.glabsgroup.com\/en\/wp-json\/wp\/v2\/posts\/4159\/revisions\/4161"}],"wp:featuredmedia":[{"embeddable":true,"href":"https:\/\/efs2023.glabsgroup.com\/en\/wp-json\/wp\/v2\/media\/4160"}],"wp:attachment":[{"href":"https:\/\/efs2023.glabsgroup.com\/en\/wp-json\/wp\/v2\/media?parent=4159"}],"wp:term":[{"taxonomy":"category","embeddable":true,"href":"https:\/\/efs2023.glabsgroup.com\/en\/wp-json\/wp\/v2\/categories?post=4159"},{"taxonomy":"post_tag","embeddable":true,"href":"https:\/\/efs2023.glabsgroup.com\/en\/wp-json\/wp\/v2\/tags?post=4159"}],"curies":[{"name":"wp","href":"https:\/\/api.w.org\/{rel}","templated":true}]}}