{"id":3027,"date":"2023-04-28T17:33:16","date_gmt":"2023-04-28T17:33:16","guid":{"rendered":"https:\/\/efs2023.glabsgroup.com\/?p=3027"},"modified":"2023-05-26T15:11:30","modified_gmt":"2023-05-26T15:11:30","slug":"isem-la-escuela-de-negocios-para-los-profesionales-de-la-moda","status":"publish","type":"post","link":"https:\/\/efs2023.glabsgroup.com\/en\/2023\/04\/28\/isem-la-escuela-de-negocios-para-los-profesionales-de-la-moda\/","title":{"rendered":"ISEM: The Business School for Fashion professionals"},"content":{"rendered":"<p>ISEM signs a collaboration agreement with the Europe Fashion Summit as Academic Ally and will have a great participation in the SAI Agenda, receiving on its campus, on the third day of the event, those interested in attending the&nbsp;<strong>Workshops specialized in Communication, Brand, Trends and Channels.<\/strong><\/p>\n\n\n\n<p>ISEM Fashion Business School, center of the University of Navarra, is the first business school specialized in fashion companies.&nbsp;<\/p>\n\n\n\n<p>It began its journey in Madrid in 2001 and, today, it has more than 2,000 alumni of 45 different nationalities, an employability index of 98% and 23 international agreements with institutions in the fashion sector around the world.<\/p>\n\n\n\n<p>What is specific about this center is its fashion orientation from the business and company point of view. To this end, it has its own faculty, professors from IESE Business School, specialists from the Fashion Institute of Technology (FIT) in New York, SDA Bocconi in Milan and the Institut Fran\u00e7ais de la Mode (IFM) in Paris, as well as professionals from different fields of the fashion industry; in order to achieve a unique balance between specialized knowledge and practical experience.<\/p>\n\n\n\n<p>ISEM has a complete academic offer to accompany professionals in the fashion sector at different stages of their professional career. In addition to focused courses and tailor-made programs for different companies, the school offers an Executive MBA in Fashion Business Administration (FBA), a Master in Fashion Management for recent graduates (MFM), an Advanced Program in Fashion Business Management (PADEM ), two international intensive programs in Miami (Fashion Entrepreneurship 101) and New York (Fashion Business iQ) and a summer course in Fashion &amp; Creativity Management.<\/p>\n\n\n\n<p>The ranking of the newspaper El Mundo positions the FBA as the Best Specialized Master in Spain and that of EdUniversal, the fourth best master worldwide in the Fashion Management category. The American magazine The Education Magazine includes ISEM among the ten best Business Schools to study an MBA. In 2016, ISEM received the National Fashion Award for Academy and Culture, which recognizes the merit and prestige of the Spanish fashion industry sector.&nbsp;<\/p>\n\n\n\n<p><strong><a href=\"https:\/\/www.isem.es\/\" data-type=\"URL\" data-id=\"https:\/\/www.isem.es\/\" target=\"_blank\" rel=\"noreferrer noopener\">Learn more about ISEM<\/a><\/strong><\/p>\n\n\n\n<p><\/p>\n\n\n\n<p><\/p>","protected":false},"excerpt":{"rendered":"<p>ISEM signs a collaboration agreement with the Europe Fashion Summit as an Academic Ally and will have a great participation in the EFS Agenda by receiving on its campus, on the third day of the event, those interested in attending the Workshops specialized in Communication, Brand, Trends and Channels. ISEM Fashion Business School, center of the University of\u2026 <a class=\"more-link\" href=\"https:\/\/efs2023.glabsgroup.com\/en\/2023\/04\/28\/isem-la-escuela-de-negocios-para-los-profesionales-de-la-moda\/\">Continue reading <span class=\"screen-reader-text\">ISEM: The Business School for Fashion professionals<\/span><\/a><\/p>","protected":false},"author":3,"featured_media":3746,"comment_status":"open","ping_status":"open","sticky":false,"template":"","format":"standard","meta":{"footnotes":""},"categories":[1],"tags":[],"yoast_head":"<!-- This site is optimized with the Yoast SEO plugin v23.0 - https:\/\/yoast.com\/wordpress\/plugins\/seo\/ -->\n<title>ISEM: La Escuela de Negocios para los profesionales de la Moda - EFS2023<\/title>\n<meta name=\"robots\" content=\"index, follow, max-snippet:-1, max-image-preview:large, max-video-preview:-1\" \/>\n<link rel=\"canonical\" href=\"https:\/\/efs2023.glabsgroup.com\/en\/2023\/04\/28\/isem-la-escuela-de-negocios-para-los-profesionales-de-la-moda\/\" \/>\n<meta property=\"og:locale\" content=\"en_US\" \/>\n<meta property=\"og:type\" content=\"article\" \/>\n<meta property=\"og:title\" content=\"ISEM: La Escuela de Negocios para los profesionales de la Moda - EFS2023\" \/>\n<meta property=\"og:description\" content=\"ISEM firma con el Europe Fashion Summit un acuerdo de colaboraci\u00f3n como Aliado acad\u00e9mico y tendr\u00e1n una gran participaci\u00f3n en la Agenda de EFS recibiendo en su campus, el tercer d\u00eda del evento, a los interesados en atender los&nbsp;Workshops especializados en Comunicaci\u00f3n, Marca, Tendencias y Canales. ISEM Fashion Business School, centro de la Universidad de&hellip; Continue reading ISEM: La Escuela de Negocios para los profesionales de la Moda\" \/>\n<meta property=\"og:url\" content=\"https:\/\/efs2023.glabsgroup.com\/en\/2023\/04\/28\/isem-la-escuela-de-negocios-para-los-profesionales-de-la-moda\/\" \/>\n<meta property=\"og:site_name\" content=\"EFS2023\" \/>\n<meta property=\"article:publisher\" content=\"https:\/\/www.facebook.com\/europefashionsummit\" \/>\n<meta property=\"article:published_time\" content=\"2023-04-28T17:33:16+00:00\" \/>\n<meta property=\"article:modified_time\" content=\"2023-05-26T15:11:30+00:00\" \/>\n<meta property=\"og:image\" content=\"https:\/\/efs2023.glabsgroup.com\/wp-content\/uploads\/2023\/04\/46435564305_8aacc36164_o-.jpg\" \/>\n\t<meta property=\"og:image:width\" content=\"1022\" \/>\n\t<meta property=\"og:image:height\" content=\"690\" \/>\n\t<meta property=\"og:image:type\" content=\"image\/jpeg\" \/>\n<meta name=\"author\" content=\"Liliana Brice\u00f1o\" \/>\n<meta name=\"twitter:card\" content=\"summary_large_image\" \/>\n<meta name=\"twitter:creator\" content=\"@eufashionsummit\" \/>\n<meta name=\"twitter:site\" content=\"@eufashionsummit\" \/>\n<meta name=\"twitter:label1\" content=\"Written by\" \/>\n\t<meta name=\"twitter:data1\" content=\"Liliana Brice\u00f1o\" \/>\n\t<meta name=\"twitter:label2\" content=\"Est. reading time\" \/>\n\t<meta name=\"twitter:data2\" content=\"2 minutes\" \/>\n<script type=\"application\/ld+json\" class=\"yoast-schema-graph\">{\"@context\":\"https:\/\/schema.org\",\"@graph\":[{\"@type\":\"Article\",\"@id\":\"https:\/\/efs2023.glabsgroup.com\/2023\/04\/28\/isem-la-escuela-de-negocios-para-los-profesionales-de-la-moda\/#article\",\"isPartOf\":{\"@id\":\"https:\/\/efs2023.glabsgroup.com\/2023\/04\/28\/isem-la-escuela-de-negocios-para-los-profesionales-de-la-moda\/\"},\"author\":{\"name\":\"Liliana Brice\u00f1o\",\"@id\":\"https:\/\/efs2023.glabsgroup.com\/#\/schema\/person\/d4054e1b0e8826c9eb7f661d72069b83\"},\"headline\":\"ISEM: La Escuela de Negocios para los profesionales de la Moda\",\"datePublished\":\"2023-04-28T17:33:16+00:00\",\"dateModified\":\"2023-05-26T15:11:30+00:00\",\"mainEntityOfPage\":{\"@id\":\"https:\/\/efs2023.glabsgroup.com\/2023\/04\/28\/isem-la-escuela-de-negocios-para-los-profesionales-de-la-moda\/\"},\"wordCount\":416,\"commentCount\":0,\"publisher\":{\"@id\":\"https:\/\/efs2023.glabsgroup.com\/#organization\"},\"image\":{\"@id\":\"https:\/\/efs2023.glabsgroup.com\/2023\/04\/28\/isem-la-escuela-de-negocios-para-los-profesionales-de-la-moda\/#primaryimage\"},\"thumbnailUrl\":\"https:\/\/efs2023.glabsgroup.com\/wp-content\/uploads\/2023\/04\/46435564305_8aacc36164_o-.jpg\",\"inLanguage\":\"en-US\",\"potentialAction\":[{\"@type\":\"CommentAction\",\"name\":\"Comment\",\"target\":[\"https:\/\/efs2023.glabsgroup.com\/2023\/04\/28\/isem-la-escuela-de-negocios-para-los-profesionales-de-la-moda\/#respond\"]}]},{\"@type\":\"WebPage\",\"@id\":\"https:\/\/efs2023.glabsgroup.com\/2023\/04\/28\/isem-la-escuela-de-negocios-para-los-profesionales-de-la-moda\/\",\"url\":\"https:\/\/efs2023.glabsgroup.com\/2023\/04\/28\/isem-la-escuela-de-negocios-para-los-profesionales-de-la-moda\/\",\"name\":\"ISEM: La Escuela de Negocios para los profesionales de la Moda - EFS2023\",\"isPartOf\":{\"@id\":\"https:\/\/efs2023.glabsgroup.com\/#website\"},\"primaryImageOfPage\":{\"@id\":\"https:\/\/efs2023.glabsgroup.com\/2023\/04\/28\/isem-la-escuela-de-negocios-para-los-profesionales-de-la-moda\/#primaryimage\"},\"image\":{\"@id\":\"https:\/\/efs2023.glabsgroup.com\/2023\/04\/28\/isem-la-escuela-de-negocios-para-los-profesionales-de-la-moda\/#primaryimage\"},\"thumbnailUrl\":\"https:\/\/efs2023.glabsgroup.com\/wp-content\/uploads\/2023\/04\/46435564305_8aacc36164_o-.jpg\",\"datePublished\":\"2023-04-28T17:33:16+00:00\",\"dateModified\":\"2023-05-26T15:11:30+00:00\",\"breadcrumb\":{\"@id\":\"https:\/\/efs2023.glabsgroup.com\/2023\/04\/28\/isem-la-escuela-de-negocios-para-los-profesionales-de-la-moda\/#breadcrumb\"},\"inLanguage\":\"en-US\",\"potentialAction\":[{\"@type\":\"ReadAction\",\"target\":[\"https:\/\/efs2023.glabsgroup.com\/2023\/04\/28\/isem-la-escuela-de-negocios-para-los-profesionales-de-la-moda\/\"]}]},{\"@type\":\"ImageObject\",\"inLanguage\":\"en-US\",\"@id\":\"https:\/\/efs2023.glabsgroup.com\/2023\/04\/28\/isem-la-escuela-de-negocios-para-los-profesionales-de-la-moda\/#primaryimage\",\"url\":\"https:\/\/efs2023.glabsgroup.com\/wp-content\/uploads\/2023\/04\/46435564305_8aacc36164_o-.jpg\",\"contentUrl\":\"https:\/\/efs2023.glabsgroup.com\/wp-content\/uploads\/2023\/04\/46435564305_8aacc36164_o-.jpg\",\"width\":1022,\"height\":690},{\"@type\":\"BreadcrumbList\",\"@id\":\"https:\/\/efs2023.glabsgroup.com\/2023\/04\/28\/isem-la-escuela-de-negocios-para-los-profesionales-de-la-moda\/#breadcrumb\",\"itemListElement\":[{\"@type\":\"ListItem\",\"position\":1,\"name\":\"Portada\",\"item\":\"https:\/\/efs2023.glabsgroup.com\/\"},{\"@type\":\"ListItem\",\"position\":2,\"name\":\"ISEM: La Escuela de Negocios para los profesionales de la Moda\"}]},{\"@type\":\"WebSite\",\"@id\":\"https:\/\/efs2023.glabsgroup.com\/#website\",\"url\":\"https:\/\/efs2023.glabsgroup.com\/\",\"name\":\"EFS2023\",\"description\":\"\",\"publisher\":{\"@id\":\"https:\/\/efs2023.glabsgroup.com\/#organization\"},\"potentialAction\":[{\"@type\":\"SearchAction\",\"target\":{\"@type\":\"EntryPoint\",\"urlTemplate\":\"https:\/\/efs2023.glabsgroup.com\/?s={search_term_string}\"},\"query-input\":\"required name=search_term_string\"}],\"inLanguage\":\"en-US\"},{\"@type\":\"Organization\",\"@id\":\"https:\/\/efs2023.glabsgroup.com\/#organization\",\"name\":\"Europe Fashion Summit\",\"url\":\"https:\/\/efs2023.glabsgroup.com\/\",\"logo\":{\"@type\":\"ImageObject\",\"inLanguage\":\"en-US\",\"@id\":\"https:\/\/efs2023.glabsgroup.com\/#\/schema\/logo\/image\/\",\"url\":\"https:\/\/efs2023.glabsgroup.com\/wp-content\/uploads\/2023\/02\/LOGO-EFS-1.png\",\"contentUrl\":\"https:\/\/efs2023.glabsgroup.com\/wp-content\/uploads\/2023\/02\/LOGO-EFS-1.png\",\"width\":362,\"height\":162,\"caption\":\"Europe Fashion Summit\"},\"image\":{\"@id\":\"https:\/\/efs2023.glabsgroup.com\/#\/schema\/logo\/image\/\"},\"sameAs\":[\"https:\/\/www.facebook.com\/europefashionsummit\",\"https:\/\/x.com\/eufashionsummit\",\"https:\/\/www.instagram.com\/_europefashionsummit_\/\",\"https:\/\/www.linkedin.com\/company\/europefashionsummit\/\",\"https:\/\/www.youtube.com\/@EuropeFashionSummit\"]},{\"@type\":\"Person\",\"@id\":\"https:\/\/efs2023.glabsgroup.com\/#\/schema\/person\/d4054e1b0e8826c9eb7f661d72069b83\",\"name\":\"Liliana Brice\u00f1o\",\"image\":{\"@type\":\"ImageObject\",\"inLanguage\":\"en-US\",\"@id\":\"https:\/\/efs2023.glabsgroup.com\/#\/schema\/person\/image\/\",\"url\":\"https:\/\/efs2023.glabsgroup.com\/wp-content\/litespeed\/avatar\/46378ae664c8bfb730e8d013e74efc86.jpg?ver=1777435876\",\"contentUrl\":\"https:\/\/efs2023.glabsgroup.com\/wp-content\/litespeed\/avatar\/46378ae664c8bfb730e8d013e74efc86.jpg?ver=1777435876\",\"caption\":\"Liliana Brice\u00f1o\"},\"url\":\"https:\/\/efs2023.glabsgroup.com\/en\/author\/liliana\/\"}]}<\/script>\n<!-- \/ Yoast SEO plugin. -->","yoast_head_json":{"title":"ISEM: La Escuela de Negocios para los profesionales de la Moda - EFS2023","robots":{"index":"index","follow":"follow","max-snippet":"max-snippet:-1","max-image-preview":"max-image-preview:large","max-video-preview":"max-video-preview:-1"},"canonical":"https:\/\/efs2023.glabsgroup.com\/en\/2023\/04\/28\/isem-la-escuela-de-negocios-para-los-profesionales-de-la-moda\/","og_locale":"en_US","og_type":"article","og_title":"ISEM: La Escuela de Negocios para los profesionales de la Moda - EFS2023","og_description":"ISEM firma con el Europe Fashion Summit un acuerdo de colaboraci\u00f3n como Aliado acad\u00e9mico y tendr\u00e1n una gran participaci\u00f3n en la Agenda de EFS recibiendo en su campus, el tercer d\u00eda del evento, a los interesados en atender los&nbsp;Workshops especializados en Comunicaci\u00f3n, Marca, Tendencias y Canales. ISEM Fashion Business School, centro de la Universidad de&hellip; Continue reading ISEM: La Escuela de Negocios para los profesionales de la Moda","og_url":"https:\/\/efs2023.glabsgroup.com\/en\/2023\/04\/28\/isem-la-escuela-de-negocios-para-los-profesionales-de-la-moda\/","og_site_name":"EFS2023","article_publisher":"https:\/\/www.facebook.com\/europefashionsummit","article_published_time":"2023-04-28T17:33:16+00:00","article_modified_time":"2023-05-26T15:11:30+00:00","og_image":[{"width":1022,"height":690,"url":"https:\/\/efs2023.glabsgroup.com\/wp-content\/uploads\/2023\/04\/46435564305_8aacc36164_o-.jpg","type":"image\/jpeg"}],"author":"Liliana Brice\u00f1o","twitter_card":"summary_large_image","twitter_creator":"@eufashionsummit","twitter_site":"@eufashionsummit","twitter_misc":{"Written by":"Liliana Brice\u00f1o","Est. reading time":"2 minutes"},"schema":{"@context":"https:\/\/schema.org","@graph":[{"@type":"Article","@id":"https:\/\/efs2023.glabsgroup.com\/2023\/04\/28\/isem-la-escuela-de-negocios-para-los-profesionales-de-la-moda\/#article","isPartOf":{"@id":"https:\/\/efs2023.glabsgroup.com\/2023\/04\/28\/isem-la-escuela-de-negocios-para-los-profesionales-de-la-moda\/"},"author":{"name":"Liliana Brice\u00f1o","@id":"https:\/\/efs2023.glabsgroup.com\/#\/schema\/person\/d4054e1b0e8826c9eb7f661d72069b83"},"headline":"ISEM: La Escuela de Negocios para los profesionales de la Moda","datePublished":"2023-04-28T17:33:16+00:00","dateModified":"2023-05-26T15:11:30+00:00","mainEntityOfPage":{"@id":"https:\/\/efs2023.glabsgroup.com\/2023\/04\/28\/isem-la-escuela-de-negocios-para-los-profesionales-de-la-moda\/"},"wordCount":416,"commentCount":0,"publisher":{"@id":"https:\/\/efs2023.glabsgroup.com\/#organization"},"image":{"@id":"https:\/\/efs2023.glabsgroup.com\/2023\/04\/28\/isem-la-escuela-de-negocios-para-los-profesionales-de-la-moda\/#primaryimage"},"thumbnailUrl":"https:\/\/efs2023.glabsgroup.com\/wp-content\/uploads\/2023\/04\/46435564305_8aacc36164_o-.jpg","inLanguage":"en-US","potentialAction":[{"@type":"CommentAction","name":"Comment","target":["https:\/\/efs2023.glabsgroup.com\/2023\/04\/28\/isem-la-escuela-de-negocios-para-los-profesionales-de-la-moda\/#respond"]}]},{"@type":"WebPage","@id":"https:\/\/efs2023.glabsgroup.com\/2023\/04\/28\/isem-la-escuela-de-negocios-para-los-profesionales-de-la-moda\/","url":"https:\/\/efs2023.glabsgroup.com\/2023\/04\/28\/isem-la-escuela-de-negocios-para-los-profesionales-de-la-moda\/","name":"ISEM: La Escuela de Negocios para los profesionales de la Moda - EFS2023","isPartOf":{"@id":"https:\/\/efs2023.glabsgroup.com\/#website"},"primaryImageOfPage":{"@id":"https:\/\/efs2023.glabsgroup.com\/2023\/04\/28\/isem-la-escuela-de-negocios-para-los-profesionales-de-la-moda\/#primaryimage"},"image":{"@id":"https:\/\/efs2023.glabsgroup.com\/2023\/04\/28\/isem-la-escuela-de-negocios-para-los-profesionales-de-la-moda\/#primaryimage"},"thumbnailUrl":"https:\/\/efs2023.glabsgroup.com\/wp-content\/uploads\/2023\/04\/46435564305_8aacc36164_o-.jpg","datePublished":"2023-04-28T17:33:16+00:00","dateModified":"2023-05-26T15:11:30+00:00","breadcrumb":{"@id":"https:\/\/efs2023.glabsgroup.com\/2023\/04\/28\/isem-la-escuela-de-negocios-para-los-profesionales-de-la-moda\/#breadcrumb"},"inLanguage":"en-US","potentialAction":[{"@type":"ReadAction","target":["https:\/\/efs2023.glabsgroup.com\/2023\/04\/28\/isem-la-escuela-de-negocios-para-los-profesionales-de-la-moda\/"]}]},{"@type":"ImageObject","inLanguage":"en-US","@id":"https:\/\/efs2023.glabsgroup.com\/2023\/04\/28\/isem-la-escuela-de-negocios-para-los-profesionales-de-la-moda\/#primaryimage","url":"https:\/\/efs2023.glabsgroup.com\/wp-content\/uploads\/2023\/04\/46435564305_8aacc36164_o-.jpg","contentUrl":"https:\/\/efs2023.glabsgroup.com\/wp-content\/uploads\/2023\/04\/46435564305_8aacc36164_o-.jpg","width":1022,"height":690},{"@type":"BreadcrumbList","@id":"https:\/\/efs2023.glabsgroup.com\/2023\/04\/28\/isem-la-escuela-de-negocios-para-los-profesionales-de-la-moda\/#breadcrumb","itemListElement":[{"@type":"ListItem","position":1,"name":"Portada","item":"https:\/\/efs2023.glabsgroup.com\/"},{"@type":"ListItem","position":2,"name":"ISEM: La Escuela de Negocios para los profesionales de la Moda"}]},{"@type":"WebSite","@id":"https:\/\/efs2023.glabsgroup.com\/#website","url":"https:\/\/efs2023.glabsgroup.com\/","name":"EFS2023","description":"","publisher":{"@id":"https:\/\/efs2023.glabsgroup.com\/#organization"},"potentialAction":[{"@type":"SearchAction","target":{"@type":"EntryPoint","urlTemplate":"https:\/\/efs2023.glabsgroup.com\/?s={search_term_string}"},"query-input":"required name=search_term_string"}],"inLanguage":"en-US"},{"@type":"Organization","@id":"https:\/\/efs2023.glabsgroup.com\/#organization","name":"European Fashion Summit","url":"https:\/\/efs2023.glabsgroup.com\/","logo":{"@type":"ImageObject","inLanguage":"en-US","@id":"https:\/\/efs2023.glabsgroup.com\/#\/schema\/logo\/image\/","url":"https:\/\/efs2023.glabsgroup.com\/wp-content\/uploads\/2023\/02\/LOGO-EFS-1.png","contentUrl":"https:\/\/efs2023.glabsgroup.com\/wp-content\/uploads\/2023\/02\/LOGO-EFS-1.png","width":362,"height":162,"caption":"Europe Fashion Summit"},"image":{"@id":"https:\/\/efs2023.glabsgroup.com\/#\/schema\/logo\/image\/"},"sameAs":["https:\/\/www.facebook.com\/europefashionsummit","https:\/\/x.com\/eufashionsummit","https:\/\/www.instagram.com\/_europefashionsummit_\/","https:\/\/www.linkedin.com\/company\/europefashionsummit\/","https:\/\/www.youtube.com\/@EuropeFashionSummit"]},{"@type":"Person","@id":"https:\/\/efs2023.glabsgroup.com\/#\/schema\/person\/d4054e1b0e8826c9eb7f661d72069b83","name":"Liliana Briceno","image":{"@type":"ImageObject","inLanguage":"en-US","@id":"https:\/\/efs2023.glabsgroup.com\/#\/schema\/person\/image\/","url":"https:\/\/efs2023.glabsgroup.com\/wp-content\/litespeed\/avatar\/46378ae664c8bfb730e8d013e74efc86.jpg?ver=1777435876","contentUrl":"https:\/\/efs2023.glabsgroup.com\/wp-content\/litespeed\/avatar\/46378ae664c8bfb730e8d013e74efc86.jpg?ver=1777435876","caption":"Liliana Brice\u00f1o"},"url":"https:\/\/efs2023.glabsgroup.com\/en\/author\/liliana\/"}]}},"_links":{"self":[{"href":"https:\/\/efs2023.glabsgroup.com\/en\/wp-json\/wp\/v2\/posts\/3027"}],"collection":[{"href":"https:\/\/efs2023.glabsgroup.com\/en\/wp-json\/wp\/v2\/posts"}],"about":[{"href":"https:\/\/efs2023.glabsgroup.com\/en\/wp-json\/wp\/v2\/types\/post"}],"author":[{"embeddable":true,"href":"https:\/\/efs2023.glabsgroup.com\/en\/wp-json\/wp\/v2\/users\/3"}],"replies":[{"embeddable":true,"href":"https:\/\/efs2023.glabsgroup.com\/en\/wp-json\/wp\/v2\/comments?post=3027"}],"version-history":[{"count":7,"href":"https:\/\/efs2023.glabsgroup.com\/en\/wp-json\/wp\/v2\/posts\/3027\/revisions"}],"predecessor-version":[{"id":3847,"href":"https:\/\/efs2023.glabsgroup.com\/en\/wp-json\/wp\/v2\/posts\/3027\/revisions\/3847"}],"wp:featuredmedia":[{"embeddable":true,"href":"https:\/\/efs2023.glabsgroup.com\/en\/wp-json\/wp\/v2\/media\/3746"}],"wp:attachment":[{"href":"https:\/\/efs2023.glabsgroup.com\/en\/wp-json\/wp\/v2\/media?parent=3027"}],"wp:term":[{"taxonomy":"category","embeddable":true,"href":"https:\/\/efs2023.glabsgroup.com\/en\/wp-json\/wp\/v2\/categories?post=3027"},{"taxonomy":"post_tag","embeddable":true,"href":"https:\/\/efs2023.glabsgroup.com\/en\/wp-json\/wp\/v2\/tags?post=3027"}],"curies":[{"name":"wp","href":"https:\/\/api.w.org\/{rel}","templated":true}]}}