{"id":3013,"date":"2023-04-28T17:23:03","date_gmt":"2023-04-28T17:23:03","guid":{"rendered":"https:\/\/efs2023.glabsgroup.com\/?p=3013"},"modified":"2023-05-25T15:14:53","modified_gmt":"2023-05-25T15:14:53","slug":"pepa-bueno-directora-ejecutiva-de-acme-asociacion-creadores-moda-espanola","status":"publish","type":"post","link":"https:\/\/efs2023.glabsgroup.com\/en\/2023\/04\/28\/pepa-bueno-directora-ejecutiva-de-acme-asociacion-creadores-moda-espanola\/","title":{"rendered":"Pepa Bueno, Executive Director of ACME (Spanish Fashion Creators Association)"},"content":{"rendered":"<p><strong>Pepa Bueno, Executive Director of ACME (Association<\/strong><strong>n Spanish Fashion Creators<\/strong><strong>\u00f1<\/strong><strong>wave)<\/strong><strong>&nbsp;<\/strong><strong><\/strong><\/p>\n\n\n\n<p>ACME (Spanish Fashion Creators Association) is part of the #AliadoEFS and it is an honor to have their support to work for the fashion sector in Spain.<\/p>\n\n\n\n<p>Pepa will be moderating the Haute Couture round table in the company of renowned designers who will share their ideas and reflections at the Europe Fashion Summit: Madrid.<\/p>\n\n\n\n<p>Pepa Bueno is an Art Historian, specializing in design history, she has developed her professional career in the field of the women&#039;s and fashion press. After going through media outlets such as Woman, Elle and Vogue Novias, among others, she was part of the Yo Dona launch team, where she held the position of deputy director for more than seven years. He has also worked as a teacher in various design and fashion schools.<strong><\/strong><\/p>\n\n\n\n<p>Pepa is part of the 25 most influential people in Spanish fashion. Know this list <strong><a rel=\"noreferrer noopener\" href=\"https:\/\/www.vanitatis.elconfidencial.com\/estilo\/moda\/2023-02-23\/25-personas-mas-influyentes-moda-espanola_3577272\/\" data-type=\"URL\" data-id=\"https:\/\/www.vanitatis.elconfidencial.com\/estilo\/moda\/2023-02-23\/25-personas-mas-influyentes-moda-espanola_3577272\/\" target=\"_blank\">here.<\/a><\/strong><\/p>\n\n\n\n<div class=\"wp-block-columns is-layout-flex wp-container-core-columns-is-layout-1 wp-block-columns-is-layout-flex\">\n<div class=\"wp-block-column is-layout-flow wp-block-column-is-layout-flow\" style=\"flex-basis:20%\"><\/div>\n\n\n\n<div class=\"wp-block-column is-layout-flow wp-block-column-is-layout-flow\" style=\"flex-basis:60%\"><div class=\"wp-block-image\">\n<figure class=\"aligncenter size-full\"><img fetchpriority=\"high\" decoding=\"async\" width=\"1022\" height=\"690\" src=\"https:\/\/efs2023.glabsgroup.com\/wp-content\/uploads\/2023\/05\/Pepa-Bueno-Foto-.jpg\" alt=\"\" class=\"wp-image-3770\" srcset=\"https:\/\/efs2023.glabsgroup.com\/wp-content\/uploads\/2023\/05\/Pepa-Bueno-Foto-.jpg 1022w, https:\/\/efs2023.glabsgroup.com\/wp-content\/uploads\/2023\/05\/Pepa-Bueno-Foto--300x203.jpg 300w, https:\/\/efs2023.glabsgroup.com\/wp-content\/uploads\/2023\/05\/Pepa-Bueno-Foto--768x519.jpg 768w\" sizes=\"(max-width: 1022px) 100vw, 1022px\" \/><\/figure><\/div>\n\n\n<p><strong>Photo:<\/strong><strong>&nbsp;<\/strong>ray garcia<\/p>\n<\/div>\n\n\n\n<div class=\"wp-block-column is-layout-flow wp-block-column-is-layout-flow\" style=\"flex-basis:20%\"><\/div>\n<\/div>\n\n\n\n<p><\/p>","protected":false},"excerpt":{"rendered":"<p>Pepa Bueno, Executive Director of ACME (Spanish Fashion Creators Association) ACME (Spanish Fashion Creators Association) is part of the #AliadoEFS and it is an honor to have their support to work for the fashion sector in Spain. Pepa will be moderating the Haute Couture round table in the company of renowned designers who will share their ideas and reflections in\u2026 <a class=\"more-link\" href=\"https:\/\/efs2023.glabsgroup.com\/en\/2023\/04\/28\/pepa-bueno-directora-ejecutiva-de-acme-asociacion-creadores-moda-espanola\/\">Continue reading <span class=\"screen-reader-text\">Pepa Bueno, Executive Director of ACME (Spanish Fashion Creators Association)<\/span><\/a><\/p>","protected":false},"author":3,"featured_media":3747,"comment_status":"open","ping_status":"open","sticky":false,"template":"","format":"standard","meta":{"footnotes":""},"categories":[1],"tags":[],"yoast_head":"<!-- This site is optimized with the Yoast SEO plugin v23.0 - https:\/\/yoast.com\/wordpress\/plugins\/seo\/ -->\n<title>Pepa Bueno, Directora Ejecutiva de ACME (Asociaci\u00f3n Creadores Moda Espa\u00f1ola) - EFS2023<\/title>\n<meta name=\"robots\" content=\"index, follow, max-snippet:-1, max-image-preview:large, max-video-preview:-1\" \/>\n<link rel=\"canonical\" href=\"https:\/\/efs2023.glabsgroup.com\/en\/2023\/04\/28\/pepa-bueno-directora-ejecutiva-de-acme-asociacion-creadores-moda-espanola\/\" \/>\n<meta property=\"og:locale\" content=\"en_US\" \/>\n<meta property=\"og:type\" content=\"article\" \/>\n<meta property=\"og:title\" content=\"Pepa Bueno, Directora Ejecutiva de ACME (Asociaci\u00f3n Creadores Moda Espa\u00f1ola) - EFS2023\" \/>\n<meta property=\"og:description\" content=\"Pepa Bueno, Directora Ejecutiva de ACME (Asociaci\u00f3n Creadores Moda Espa\u00f1ola)&nbsp; ACME (Asociaci\u00f3n Creadores Moda Espa\u00f1ola)&nbsp;hace parte de los #AliadoEFS y es un honor contar con su apoyo para trabajar por el sector de la moda en Espa\u00f1a. Pepa&nbsp;estar\u00e1 moderando la mesa redonda de&nbsp;Alta Costura&nbsp;en compa\u00f1\u00eda de renombrados dise\u00f1adores quienes compartir\u00e1n sus ideas y reflexiones en&hellip; Continue reading Pepa Bueno, Directora Ejecutiva de ACME (Asociaci\u00f3n Creadores Moda Espa\u00f1ola)\" \/>\n<meta property=\"og:url\" content=\"https:\/\/efs2023.glabsgroup.com\/en\/2023\/04\/28\/pepa-bueno-directora-ejecutiva-de-acme-asociacion-creadores-moda-espanola\/\" \/>\n<meta property=\"og:site_name\" content=\"EFS2023\" \/>\n<meta property=\"article:publisher\" content=\"https:\/\/www.facebook.com\/europefashionsummit\" \/>\n<meta property=\"article:published_time\" content=\"2023-04-28T17:23:03+00:00\" \/>\n<meta property=\"article:modified_time\" content=\"2023-05-25T15:14:53+00:00\" \/>\n<meta property=\"og:image\" content=\"https:\/\/efs2023.glabsgroup.com\/wp-content\/uploads\/2023\/04\/Pepa-Bueno-Foto-.jpg\" \/>\n\t<meta property=\"og:image:width\" content=\"1022\" \/>\n\t<meta property=\"og:image:height\" content=\"690\" \/>\n\t<meta property=\"og:image:type\" content=\"image\/jpeg\" \/>\n<meta name=\"author\" content=\"Liliana Brice\u00f1o\" \/>\n<meta name=\"twitter:card\" content=\"summary_large_image\" \/>\n<meta name=\"twitter:creator\" content=\"@eufashionsummit\" \/>\n<meta name=\"twitter:site\" content=\"@eufashionsummit\" \/>\n<meta name=\"twitter:label1\" content=\"Written by\" \/>\n\t<meta name=\"twitter:data1\" content=\"Liliana Brice\u00f1o\" \/>\n\t<meta name=\"twitter:label2\" content=\"Est. reading time\" \/>\n\t<meta name=\"twitter:data2\" content=\"1 minute\" \/>\n<script type=\"application\/ld+json\" class=\"yoast-schema-graph\">{\"@context\":\"https:\/\/schema.org\",\"@graph\":[{\"@type\":\"Article\",\"@id\":\"https:\/\/efs2023.glabsgroup.com\/2023\/04\/28\/pepa-bueno-directora-ejecutiva-de-acme-asociacion-creadores-moda-espanola\/#article\",\"isPartOf\":{\"@id\":\"https:\/\/efs2023.glabsgroup.com\/2023\/04\/28\/pepa-bueno-directora-ejecutiva-de-acme-asociacion-creadores-moda-espanola\/\"},\"author\":{\"name\":\"Liliana Brice\u00f1o\",\"@id\":\"https:\/\/efs2023.glabsgroup.com\/#\/schema\/person\/d4054e1b0e8826c9eb7f661d72069b83\"},\"headline\":\"Pepa Bueno, Directora Ejecutiva de ACME (Asociaci\u00f3n Creadores Moda Espa\u00f1ola)\",\"datePublished\":\"2023-04-28T17:23:03+00:00\",\"dateModified\":\"2023-05-25T15:14:53+00:00\",\"mainEntityOfPage\":{\"@id\":\"https:\/\/efs2023.glabsgroup.com\/2023\/04\/28\/pepa-bueno-directora-ejecutiva-de-acme-asociacion-creadores-moda-espanola\/\"},\"wordCount\":192,\"commentCount\":0,\"publisher\":{\"@id\":\"https:\/\/efs2023.glabsgroup.com\/#organization\"},\"image\":{\"@id\":\"https:\/\/efs2023.glabsgroup.com\/2023\/04\/28\/pepa-bueno-directora-ejecutiva-de-acme-asociacion-creadores-moda-espanola\/#primaryimage\"},\"thumbnailUrl\":\"https:\/\/efs2023.glabsgroup.com\/wp-content\/uploads\/2023\/04\/Pepa-Bueno-Foto-.jpg\",\"inLanguage\":\"en-US\",\"potentialAction\":[{\"@type\":\"CommentAction\",\"name\":\"Comment\",\"target\":[\"https:\/\/efs2023.glabsgroup.com\/2023\/04\/28\/pepa-bueno-directora-ejecutiva-de-acme-asociacion-creadores-moda-espanola\/#respond\"]}]},{\"@type\":\"WebPage\",\"@id\":\"https:\/\/efs2023.glabsgroup.com\/2023\/04\/28\/pepa-bueno-directora-ejecutiva-de-acme-asociacion-creadores-moda-espanola\/\",\"url\":\"https:\/\/efs2023.glabsgroup.com\/2023\/04\/28\/pepa-bueno-directora-ejecutiva-de-acme-asociacion-creadores-moda-espanola\/\",\"name\":\"Pepa Bueno, Directora Ejecutiva de ACME (Asociaci\u00f3n Creadores Moda Espa\u00f1ola) - EFS2023\",\"isPartOf\":{\"@id\":\"https:\/\/efs2023.glabsgroup.com\/#website\"},\"primaryImageOfPage\":{\"@id\":\"https:\/\/efs2023.glabsgroup.com\/2023\/04\/28\/pepa-bueno-directora-ejecutiva-de-acme-asociacion-creadores-moda-espanola\/#primaryimage\"},\"image\":{\"@id\":\"https:\/\/efs2023.glabsgroup.com\/2023\/04\/28\/pepa-bueno-directora-ejecutiva-de-acme-asociacion-creadores-moda-espanola\/#primaryimage\"},\"thumbnailUrl\":\"https:\/\/efs2023.glabsgroup.com\/wp-content\/uploads\/2023\/04\/Pepa-Bueno-Foto-.jpg\",\"datePublished\":\"2023-04-28T17:23:03+00:00\",\"dateModified\":\"2023-05-25T15:14:53+00:00\",\"breadcrumb\":{\"@id\":\"https:\/\/efs2023.glabsgroup.com\/2023\/04\/28\/pepa-bueno-directora-ejecutiva-de-acme-asociacion-creadores-moda-espanola\/#breadcrumb\"},\"inLanguage\":\"en-US\",\"potentialAction\":[{\"@type\":\"ReadAction\",\"target\":[\"https:\/\/efs2023.glabsgroup.com\/2023\/04\/28\/pepa-bueno-directora-ejecutiva-de-acme-asociacion-creadores-moda-espanola\/\"]}]},{\"@type\":\"ImageObject\",\"inLanguage\":\"en-US\",\"@id\":\"https:\/\/efs2023.glabsgroup.com\/2023\/04\/28\/pepa-bueno-directora-ejecutiva-de-acme-asociacion-creadores-moda-espanola\/#primaryimage\",\"url\":\"https:\/\/efs2023.glabsgroup.com\/wp-content\/uploads\/2023\/04\/Pepa-Bueno-Foto-.jpg\",\"contentUrl\":\"https:\/\/efs2023.glabsgroup.com\/wp-content\/uploads\/2023\/04\/Pepa-Bueno-Foto-.jpg\",\"width\":1022,\"height\":690},{\"@type\":\"BreadcrumbList\",\"@id\":\"https:\/\/efs2023.glabsgroup.com\/2023\/04\/28\/pepa-bueno-directora-ejecutiva-de-acme-asociacion-creadores-moda-espanola\/#breadcrumb\",\"itemListElement\":[{\"@type\":\"ListItem\",\"position\":1,\"name\":\"Portada\",\"item\":\"https:\/\/efs2023.glabsgroup.com\/\"},{\"@type\":\"ListItem\",\"position\":2,\"name\":\"Pepa Bueno, Directora Ejecutiva de ACME (Asociaci\u00f3n Creadores Moda Espa\u00f1ola)\"}]},{\"@type\":\"WebSite\",\"@id\":\"https:\/\/efs2023.glabsgroup.com\/#website\",\"url\":\"https:\/\/efs2023.glabsgroup.com\/\",\"name\":\"EFS2023\",\"description\":\"\",\"publisher\":{\"@id\":\"https:\/\/efs2023.glabsgroup.com\/#organization\"},\"potentialAction\":[{\"@type\":\"SearchAction\",\"target\":{\"@type\":\"EntryPoint\",\"urlTemplate\":\"https:\/\/efs2023.glabsgroup.com\/?s={search_term_string}\"},\"query-input\":\"required name=search_term_string\"}],\"inLanguage\":\"en-US\"},{\"@type\":\"Organization\",\"@id\":\"https:\/\/efs2023.glabsgroup.com\/#organization\",\"name\":\"Europe Fashion Summit\",\"url\":\"https:\/\/efs2023.glabsgroup.com\/\",\"logo\":{\"@type\":\"ImageObject\",\"inLanguage\":\"en-US\",\"@id\":\"https:\/\/efs2023.glabsgroup.com\/#\/schema\/logo\/image\/\",\"url\":\"https:\/\/efs2023.glabsgroup.com\/wp-content\/uploads\/2023\/02\/LOGO-EFS-1.png\",\"contentUrl\":\"https:\/\/efs2023.glabsgroup.com\/wp-content\/uploads\/2023\/02\/LOGO-EFS-1.png\",\"width\":362,\"height\":162,\"caption\":\"Europe Fashion Summit\"},\"image\":{\"@id\":\"https:\/\/efs2023.glabsgroup.com\/#\/schema\/logo\/image\/\"},\"sameAs\":[\"https:\/\/www.facebook.com\/europefashionsummit\",\"https:\/\/x.com\/eufashionsummit\",\"https:\/\/www.instagram.com\/_europefashionsummit_\/\",\"https:\/\/www.linkedin.com\/company\/europefashionsummit\/\",\"https:\/\/www.youtube.com\/@EuropeFashionSummit\"]},{\"@type\":\"Person\",\"@id\":\"https:\/\/efs2023.glabsgroup.com\/#\/schema\/person\/d4054e1b0e8826c9eb7f661d72069b83\",\"name\":\"Liliana Brice\u00f1o\",\"image\":{\"@type\":\"ImageObject\",\"inLanguage\":\"en-US\",\"@id\":\"https:\/\/efs2023.glabsgroup.com\/#\/schema\/person\/image\/\",\"url\":\"https:\/\/efs2023.glabsgroup.com\/wp-content\/litespeed\/avatar\/46378ae664c8bfb730e8d013e74efc86.jpg?ver=1777435876\",\"contentUrl\":\"https:\/\/efs2023.glabsgroup.com\/wp-content\/litespeed\/avatar\/46378ae664c8bfb730e8d013e74efc86.jpg?ver=1777435876\",\"caption\":\"Liliana Brice\u00f1o\"},\"url\":\"https:\/\/efs2023.glabsgroup.com\/en\/author\/liliana\/\"}]}<\/script>\n<!-- \/ Yoast SEO plugin. -->","yoast_head_json":{"title":"Pepa Bueno, Directora Ejecutiva de ACME (Asociaci\u00f3n Creadores Moda Espa\u00f1ola) - EFS2023","robots":{"index":"index","follow":"follow","max-snippet":"max-snippet:-1","max-image-preview":"max-image-preview:large","max-video-preview":"max-video-preview:-1"},"canonical":"https:\/\/efs2023.glabsgroup.com\/en\/2023\/04\/28\/pepa-bueno-directora-ejecutiva-de-acme-asociacion-creadores-moda-espanola\/","og_locale":"en_US","og_type":"article","og_title":"Pepa Bueno, Directora Ejecutiva de ACME (Asociaci\u00f3n Creadores Moda Espa\u00f1ola) - EFS2023","og_description":"Pepa Bueno, Directora Ejecutiva de ACME (Asociaci\u00f3n Creadores Moda Espa\u00f1ola)&nbsp; ACME (Asociaci\u00f3n Creadores Moda Espa\u00f1ola)&nbsp;hace parte de los #AliadoEFS y es un honor contar con su apoyo para trabajar por el sector de la moda en Espa\u00f1a. Pepa&nbsp;estar\u00e1 moderando la mesa redonda de&nbsp;Alta Costura&nbsp;en compa\u00f1\u00eda de renombrados dise\u00f1adores quienes compartir\u00e1n sus ideas y reflexiones en&hellip; Continue reading Pepa Bueno, Directora Ejecutiva de ACME (Asociaci\u00f3n Creadores Moda Espa\u00f1ola)","og_url":"https:\/\/efs2023.glabsgroup.com\/en\/2023\/04\/28\/pepa-bueno-directora-ejecutiva-de-acme-asociacion-creadores-moda-espanola\/","og_site_name":"EFS2023","article_publisher":"https:\/\/www.facebook.com\/europefashionsummit","article_published_time":"2023-04-28T17:23:03+00:00","article_modified_time":"2023-05-25T15:14:53+00:00","og_image":[{"width":1022,"height":690,"url":"https:\/\/efs2023.glabsgroup.com\/wp-content\/uploads\/2023\/04\/Pepa-Bueno-Foto-.jpg","type":"image\/jpeg"}],"author":"Liliana Brice\u00f1o","twitter_card":"summary_large_image","twitter_creator":"@eufashionsummit","twitter_site":"@eufashionsummit","twitter_misc":{"Written by":"Liliana Brice\u00f1o","Est. reading time":"1 minute"},"schema":{"@context":"https:\/\/schema.org","@graph":[{"@type":"Article","@id":"https:\/\/efs2023.glabsgroup.com\/2023\/04\/28\/pepa-bueno-directora-ejecutiva-de-acme-asociacion-creadores-moda-espanola\/#article","isPartOf":{"@id":"https:\/\/efs2023.glabsgroup.com\/2023\/04\/28\/pepa-bueno-directora-ejecutiva-de-acme-asociacion-creadores-moda-espanola\/"},"author":{"name":"Liliana Brice\u00f1o","@id":"https:\/\/efs2023.glabsgroup.com\/#\/schema\/person\/d4054e1b0e8826c9eb7f661d72069b83"},"headline":"Pepa Bueno, Directora Ejecutiva de ACME (Asociaci\u00f3n Creadores Moda Espa\u00f1ola)","datePublished":"2023-04-28T17:23:03+00:00","dateModified":"2023-05-25T15:14:53+00:00","mainEntityOfPage":{"@id":"https:\/\/efs2023.glabsgroup.com\/2023\/04\/28\/pepa-bueno-directora-ejecutiva-de-acme-asociacion-creadores-moda-espanola\/"},"wordCount":192,"commentCount":0,"publisher":{"@id":"https:\/\/efs2023.glabsgroup.com\/#organization"},"image":{"@id":"https:\/\/efs2023.glabsgroup.com\/2023\/04\/28\/pepa-bueno-directora-ejecutiva-de-acme-asociacion-creadores-moda-espanola\/#primaryimage"},"thumbnailUrl":"https:\/\/efs2023.glabsgroup.com\/wp-content\/uploads\/2023\/04\/Pepa-Bueno-Foto-.jpg","inLanguage":"en-US","potentialAction":[{"@type":"CommentAction","name":"Comment","target":["https:\/\/efs2023.glabsgroup.com\/2023\/04\/28\/pepa-bueno-directora-ejecutiva-de-acme-asociacion-creadores-moda-espanola\/#respond"]}]},{"@type":"WebPage","@id":"https:\/\/efs2023.glabsgroup.com\/2023\/04\/28\/pepa-bueno-directora-ejecutiva-de-acme-asociacion-creadores-moda-espanola\/","url":"https:\/\/efs2023.glabsgroup.com\/2023\/04\/28\/pepa-bueno-directora-ejecutiva-de-acme-asociacion-creadores-moda-espanola\/","name":"Pepa Bueno, Directora Ejecutiva de ACME (Asociaci\u00f3n Creadores Moda Espa\u00f1ola) - EFS2023","isPartOf":{"@id":"https:\/\/efs2023.glabsgroup.com\/#website"},"primaryImageOfPage":{"@id":"https:\/\/efs2023.glabsgroup.com\/2023\/04\/28\/pepa-bueno-directora-ejecutiva-de-acme-asociacion-creadores-moda-espanola\/#primaryimage"},"image":{"@id":"https:\/\/efs2023.glabsgroup.com\/2023\/04\/28\/pepa-bueno-directora-ejecutiva-de-acme-asociacion-creadores-moda-espanola\/#primaryimage"},"thumbnailUrl":"https:\/\/efs2023.glabsgroup.com\/wp-content\/uploads\/2023\/04\/Pepa-Bueno-Foto-.jpg","datePublished":"2023-04-28T17:23:03+00:00","dateModified":"2023-05-25T15:14:53+00:00","breadcrumb":{"@id":"https:\/\/efs2023.glabsgroup.com\/2023\/04\/28\/pepa-bueno-directora-ejecutiva-de-acme-asociacion-creadores-moda-espanola\/#breadcrumb"},"inLanguage":"en-US","potentialAction":[{"@type":"ReadAction","target":["https:\/\/efs2023.glabsgroup.com\/2023\/04\/28\/pepa-bueno-directora-ejecutiva-de-acme-asociacion-creadores-moda-espanola\/"]}]},{"@type":"ImageObject","inLanguage":"en-US","@id":"https:\/\/efs2023.glabsgroup.com\/2023\/04\/28\/pepa-bueno-directora-ejecutiva-de-acme-asociacion-creadores-moda-espanola\/#primaryimage","url":"https:\/\/efs2023.glabsgroup.com\/wp-content\/uploads\/2023\/04\/Pepa-Bueno-Foto-.jpg","contentUrl":"https:\/\/efs2023.glabsgroup.com\/wp-content\/uploads\/2023\/04\/Pepa-Bueno-Foto-.jpg","width":1022,"height":690},{"@type":"BreadcrumbList","@id":"https:\/\/efs2023.glabsgroup.com\/2023\/04\/28\/pepa-bueno-directora-ejecutiva-de-acme-asociacion-creadores-moda-espanola\/#breadcrumb","itemListElement":[{"@type":"ListItem","position":1,"name":"Portada","item":"https:\/\/efs2023.glabsgroup.com\/"},{"@type":"ListItem","position":2,"name":"Pepa Bueno, Directora Ejecutiva de ACME (Asociaci\u00f3n Creadores Moda Espa\u00f1ola)"}]},{"@type":"WebSite","@id":"https:\/\/efs2023.glabsgroup.com\/#website","url":"https:\/\/efs2023.glabsgroup.com\/","name":"EFS2023","description":"","publisher":{"@id":"https:\/\/efs2023.glabsgroup.com\/#organization"},"potentialAction":[{"@type":"SearchAction","target":{"@type":"EntryPoint","urlTemplate":"https:\/\/efs2023.glabsgroup.com\/?s={search_term_string}"},"query-input":"required name=search_term_string"}],"inLanguage":"en-US"},{"@type":"Organization","@id":"https:\/\/efs2023.glabsgroup.com\/#organization","name":"European Fashion Summit","url":"https:\/\/efs2023.glabsgroup.com\/","logo":{"@type":"ImageObject","inLanguage":"en-US","@id":"https:\/\/efs2023.glabsgroup.com\/#\/schema\/logo\/image\/","url":"https:\/\/efs2023.glabsgroup.com\/wp-content\/uploads\/2023\/02\/LOGO-EFS-1.png","contentUrl":"https:\/\/efs2023.glabsgroup.com\/wp-content\/uploads\/2023\/02\/LOGO-EFS-1.png","width":362,"height":162,"caption":"Europe Fashion Summit"},"image":{"@id":"https:\/\/efs2023.glabsgroup.com\/#\/schema\/logo\/image\/"},"sameAs":["https:\/\/www.facebook.com\/europefashionsummit","https:\/\/x.com\/eufashionsummit","https:\/\/www.instagram.com\/_europefashionsummit_\/","https:\/\/www.linkedin.com\/company\/europefashionsummit\/","https:\/\/www.youtube.com\/@EuropeFashionSummit"]},{"@type":"Person","@id":"https:\/\/efs2023.glabsgroup.com\/#\/schema\/person\/d4054e1b0e8826c9eb7f661d72069b83","name":"Liliana Briceno","image":{"@type":"ImageObject","inLanguage":"en-US","@id":"https:\/\/efs2023.glabsgroup.com\/#\/schema\/person\/image\/","url":"https:\/\/efs2023.glabsgroup.com\/wp-content\/litespeed\/avatar\/46378ae664c8bfb730e8d013e74efc86.jpg?ver=1777435876","contentUrl":"https:\/\/efs2023.glabsgroup.com\/wp-content\/litespeed\/avatar\/46378ae664c8bfb730e8d013e74efc86.jpg?ver=1777435876","caption":"Liliana Brice\u00f1o"},"url":"https:\/\/efs2023.glabsgroup.com\/en\/author\/liliana\/"}]}},"_links":{"self":[{"href":"https:\/\/efs2023.glabsgroup.com\/en\/wp-json\/wp\/v2\/posts\/3013"}],"collection":[{"href":"https:\/\/efs2023.glabsgroup.com\/en\/wp-json\/wp\/v2\/posts"}],"about":[{"href":"https:\/\/efs2023.glabsgroup.com\/en\/wp-json\/wp\/v2\/types\/post"}],"author":[{"embeddable":true,"href":"https:\/\/efs2023.glabsgroup.com\/en\/wp-json\/wp\/v2\/users\/3"}],"replies":[{"embeddable":true,"href":"https:\/\/efs2023.glabsgroup.com\/en\/wp-json\/wp\/v2\/comments?post=3013"}],"version-history":[{"count":16,"href":"https:\/\/efs2023.glabsgroup.com\/en\/wp-json\/wp\/v2\/posts\/3013\/revisions"}],"predecessor-version":[{"id":3785,"href":"https:\/\/efs2023.glabsgroup.com\/en\/wp-json\/wp\/v2\/posts\/3013\/revisions\/3785"}],"wp:featuredmedia":[{"embeddable":true,"href":"https:\/\/efs2023.glabsgroup.com\/en\/wp-json\/wp\/v2\/media\/3747"}],"wp:attachment":[{"href":"https:\/\/efs2023.glabsgroup.com\/en\/wp-json\/wp\/v2\/media?parent=3013"}],"wp:term":[{"taxonomy":"category","embeddable":true,"href":"https:\/\/efs2023.glabsgroup.com\/en\/wp-json\/wp\/v2\/categories?post=3013"},{"taxonomy":"post_tag","embeddable":true,"href":"https:\/\/efs2023.glabsgroup.com\/en\/wp-json\/wp\/v2\/tags?post=3013"}],"curies":[{"name":"wp","href":"https:\/\/api.w.org\/{rel}","templated":true}]}}